
{"id":41465,"date":"2026-02-24T17:01:56","date_gmt":"2026-02-24T17:01:56","guid":{"rendered":"https:\/\/www.calabrio.com\/press\/verint-ernennt-dave-rhodes-zum-vorstandsvorsitzenden\/"},"modified":"2026-03-26T12:28:09","modified_gmt":"2026-03-26T12:28:09","slug":"verint-ernennt-dave-rhodes-zum-vorstandsvorsitzenden","status":"publish","type":"press","link":"https:\/\/www.calabrio.com\/de\/press\/verint-ernennt-dave-rhodes-zum-vorstandsvorsitzenden\/","title":{"rendered":"Verint ernennt Dave Rhodes zum Vorstandsvorsitzenden"},"content":{"rendered":"\n<section\n\tid=\"\"\n\tclass=\"section-blog-case-study pb-l\/l md:pb-l\/xxl\"\n\tdata-theme-block-id=\"block_d8eebb9c7f1197fbd38f4665b667a742\"\n\tdata-aos=\"fade-up\"\n>\n\t<div class=\"relative\">\n\t\t\t\t\t<div class=\"absolute top-0 left-c\/xl pt-0 lg:pt-4 md:mt-c\/m lg:mt-0\">\n\t\t\t\t<div class=\"py-c\/xs md:py-c\/l xl:py-c\/xs\">\n\t\t\t\t\t<ul class=\"flex gap-2 line-clamp-1 body-small\"><\/ul>\t\t\t\t<\/div>\n\t\t\t<\/div>\n\t\t\t\t\t\t<div class=\"flex lg:flex-row justify-between md:pt-l\/xl  flex-col\">\n\t\t\t<div class=\"container mt-c\/l md:-mt-c\/m lg:w-[calc(100%\/240*139)] lg:pb-0 flex flex-col gap-c\/xl md:gap-c\/l lg:px-c\/xxl xl:pr-[170px]  pt-c\/xxl lg:py-c\/xxl\">\n\t\t\t\t\t\t\t\t\t\t\t\t<div class=\"\">\n\t\t\t\t\t<h1 class=\"heading-medium pb-c\/m\">Verint ernennt Dave Rhodes zum Vorstandsvorsitzenden<\/h1>\n\t\t\t\t\t\t\t\t\t<\/div>\n\n\t\t\t\t\n\t\t\t\t\n\t\t\t<\/div>\n\t\t\t<div class=\"relative lg:w-[calc(100%\/200*101)] xl:w-[calc(100%\/240*101)]\" data-aos=\"fade-up\" data-aos-delay=\"250\">\n\t\t\t\t\t\t\t\t\t\t\t\t\t\t\t\t<\/div>\n\t\t<\/div>\n\t<\/div>\n<\/section>\n\n\t\t<style>\n\t[data-theme-block-id=\"block_d8eebb9c7f1197fbd38f4665b667a742\"] {\n\t\t@media only screen and (max-width: 743px) {\n\t\t\t\t\t\t\t\t}\n\t\t@media only screen and (min-width: 744px) {\n\t\t\t\t\t\t\t\t\t\tpadding-bottom: benutzerdefiniertepx !important;\n\t\t\t\t\t}\n\t}\n\t<\/style>\n\n<div class=\"container group page-layout flex flex-col flex-wrap lg:flex-row gap-l\/xxl lg:gap-gutter py-l\/xxl lg:py-l\/xs blg_inner_container\" data-module=\"page-layout\">\n\t\t\t\n\t\t\t<div class=\"flex flex-col flex-1 lg:basis-0 lg:py-c\/m  js-page-content overflow-hidden\">\n\t\t\t<div class=\"container wysiwyg\" data-aos=\"fade-up\">\n<div style=\"height:60px\" aria-hidden=\"true\" class=\"wp-block-spacer\"><\/div>\n<\/div><div class=\"container wysiwyg\" data-aos=\"fade-up\">\n<p><strong>Branchenveteran leitet das kombinierte Unternehmen Verint-Calabrio, das seine Vision der CX-Automatisierung vorantreibt<\/strong><\/p>\n<\/div><div class=\"container wysiwyg\" data-aos=\"fade-up\">\n<div style=\"height:60px\" aria-hidden=\"true\" class=\"wp-block-spacer\"><\/div>\n<\/div><div class=\"container wysiwyg\" data-aos=\"fade-up\">\n<p><strong>MELVILLE, N.Y., 24. Februar 2026<\/strong> &#8211; <a href=\"http:\/\/www.verint.com\"><sup>Verint\u00ae<\/sup><\/a>, The CX Automation Company\u2122, gab heute bekannt, dass Dave Rhodes mit sofortiger Wirkung zum Chief Executive Officer von Verint ernannt wurde. Rhodes, der vor dem Zusammenschluss mit Verint bereits als CEO von Calabrio t\u00e4tig war, wird das neu vereinigte Unternehmen leiten, das seine Vision verfolgt, der ma\u00dfgebliche Marktf\u00fchrer im Bereich CX-Automatisierung zu werden.<\/p>\n<\/div><div class=\"container wysiwyg\" data-aos=\"fade-up\">\n<div style=\"height:20px\" aria-hidden=\"true\" class=\"wp-block-spacer\"><\/div>\n<\/div><div class=\"container wysiwyg\" data-aos=\"fade-up\">\n<p>&#8222;Dave ist genau die richtige F\u00fchrungspers\u00f6nlichkeit f\u00fcr diesen Moment&#8220;, sagte Mike Lipps, Chairman bei Verint. &#8222;Er bringt eine nachgewiesene Erfolgsbilanz bei der Skalierung von wachstumsstarken Softwareunternehmen, ein tiefes Verst\u00e4ndnis des CX- und Workforce-Engagement-Marktes und eine klare Vision f\u00fcr das, was dieses kombinierte Unternehmen werden kann. Der Vorstand hat volles Vertrauen in Daves F\u00e4higkeit, auf dem au\u00dfergew\u00f6hnlichen Fundament von Verint aufzubauen und unseren Weg zur Marktf\u00fchrerschaft zu beschleunigen.&#8220;<\/p>\n<\/div><div class=\"container wysiwyg\" data-aos=\"fade-up\">\n<div style=\"height:20px\" aria-hidden=\"true\" class=\"wp-block-spacer\"><\/div>\n<\/div><div class=\"container wysiwyg\" data-aos=\"fade-up\">\n<p>Rhodes \u00fcbernimmt die Leitung eines Unternehmens, das nun die globalen Automatisierungskapazit\u00e4ten und die KI-gest\u00fctzte Plattform von Verint mit den weit verbreiteten Workforce Engagement-L\u00f6sungen von Calabrio kombiniert. Durch den Zusammenschluss entsteht einer der gr\u00f6\u00dften Datens\u00e4tze zur Kundenerfahrung weltweit und ein Portfolio, das die Bereiche Workforce Engagement, Agenten- und Konversations-KI, Copilot-Bots und CX-Analysen umfasst.<\/p>\n<\/div><div class=\"container wysiwyg\" data-aos=\"fade-up\">\n<div style=\"height:20px\" aria-hidden=\"true\" class=\"wp-block-spacer\"><\/div>\n<\/div><div class=\"container wysiwyg\" data-aos=\"fade-up\">\n<p>&#8222;Wir befinden uns in einem seltenen Moment&#8220;, sagte Dave Rhodes, Chief Executive Officer bei Verint. &#8222;Marken stehen unter enormem Druck, KI zu nutzen, um sofort einen greifbaren gesch\u00e4ftlichen Nutzen zu erzielen. Unsere Kunden bei Verint nutzen diesen Moment bereits, um ihre Ums\u00e4tze zu steigern, die Abwanderungsrate zu senken und die Produktivit\u00e4t ihrer Mitarbeiter auf ein bahnbrechendes Niveau zu heben. Wir sind einzigartig positioniert, um diese Branche zu ver\u00e4ndern und die CX-Automatisierung auf ein noch nie dagewesenes Niveau zu heben.&#8220;<\/p>\n<\/div><div class=\"container wysiwyg\" data-aos=\"fade-up\">\n<div style=\"height:20px\" aria-hidden=\"true\" class=\"wp-block-spacer\"><\/div>\n<\/div><div class=\"container wysiwyg\" data-aos=\"fade-up\">\n<p>&#8222;Durch die Zusammenf\u00fchrung dieser Organisationen unter einem F\u00fchrungsteam und einer Marke k\u00f6nnen wir das Versprechen, das wir unseren Kunden gegeben haben, einl\u00f6sen&#8220;, f\u00fcgte Rhodes hinzu. &#8222;Gesch\u00e4ftsergebnisse, jetzt &#8211; das ist es, was wir liefern und was uns von anderen unterscheidet.&#8220;<\/p>\n<\/div><div class=\"container wysiwyg\" data-aos=\"fade-up\">\n<div style=\"height:20px\" aria-hidden=\"true\" class=\"wp-block-spacer\"><\/div>\n<\/div><div class=\"container wysiwyg\" data-aos=\"fade-up\">\n<p>Erfahren Sie, wie die <a href=\"https:\/\/www.verint.com\/verint-customer-engagement-platform\/\">KI-gest\u00fctzten L\u00f6sungen<\/a> von Verint st\u00e4rkere, schnellere und messbare Ergebnisse liefern.<\/p>\n<\/div><div class=\"container wysiwyg\" data-aos=\"fade-up\">\n<div style=\"height:20px\" aria-hidden=\"true\" class=\"wp-block-spacer\"><\/div>\n<\/div><div class=\"container wysiwyg\" data-aos=\"fade-up\">\n<p class=\"has-medium-font-size\"><strong>\u00dcber Verint<\/strong><\/p>\n<\/div><div class=\"container wysiwyg\" data-aos=\"fade-up\">\n<div style=\"height:20px\" aria-hidden=\"true\" class=\"wp-block-spacer\"><\/div>\n<\/div><div class=\"container wysiwyg\" data-aos=\"fade-up\">\n<p><sup>Verint\u00ae<\/sup> ist f\u00fchrend in der Automatisierung von Kundenerfahrungen (CX) und betreut einen Kundenstamm, zu dem mehr als 80 der Fortune-100-Unternehmen geh\u00f6ren. Die bekanntesten Marken der Welt nutzen die Verint CX Automation Platform und unser Team von KI-gesteuerten Bots, um im gesamten Unternehmen greifbare KI-Business-Outcomes Now\u2122 zu erzielen. Verint ist einzigartig positioniert, um Marken dabei zu helfen, die CX-Automatisierung mit unserer differenzierten, KI-gesteuerten Plattform zu verbessern, die Kundenbindung zu erh\u00f6hen, die Effizienz zu steigern und die Kosten in Kontaktzentren, Backoffice und digitalen Kan\u00e4len zu senken. Verint, The CX Automation Company\u2122, ist stolz darauf, von Great Place To <sup>Work\u00ae<\/sup> zertifiziert zu sein. Erfahren Sie mehr unter <a href=\"https:\/\/www.verint.com\/\">Verint.com<\/a>. Rein formal existieren die beiden Unternehmen derzeit noch, aber sie arbeiten harmonisch zusammen, um die Dienstleistungen nahtlos zu erbringen. Erfahren Sie mehr unter <a href=\"http:\/\/www.verint.com\">www.verint.com<\/a><\/p>\n<\/div><div class=\"container wysiwyg\" data-aos=\"fade-up\">\n<div style=\"height:20px\" aria-hidden=\"true\" class=\"wp-block-spacer\"><\/div>\n<\/div><div class=\"container wysiwyg\" data-aos=\"fade-up\">\n<p>VERINT, VERINT DA VINCI, VERINT OPEN CCAAS, THE CX AUTOMATION COMPANY, THE CUSTOMER ENGAGEMENT COMPANY, THE ENGAGEMENT CAPACITY GAP und CALABRIO sind Marken der Verint Systems Inc. oder ihrer Mutter- oder Tochtergesellschaften. Verint und andere Parteien k\u00f6nnen auch Markenrechte an anderen hier verwendeten Begriffen haben.<\/p>\n<\/div><div class=\"container wysiwyg\" data-aos=\"fade-up\">\n<div style=\"height:20px\" aria-hidden=\"true\" class=\"wp-block-spacer\"><\/div>\n<\/div><div class=\"container wysiwyg\" data-aos=\"fade-up\">\n<p><strong><u>Kontakte:<\/u><\/strong><\/p>\n<\/div><div class=\"container wysiwyg\" data-aos=\"fade-up\">\n<p><strong>Medienarbeit  <\/strong><strong>   <\/strong><strong><\/strong><\/p>\n<\/div><div class=\"container wysiwyg\" data-aos=\"fade-up\">\n<p>Andi Barnett<br\/><a href=\"mailto:andrea.barnett@verint.com\">andrea.barnett@verint.com<\/a><\/p>\n<\/div>\t\t<\/div>\n\t\n\n\n\t<\/div> ","protected":false},"excerpt":{"rendered":"","protected":false},"author":4,"featured_media":43007,"comment_status":"open","ping_status":"closed","template":"","press_category":[],"class_list":["post-41465","press","type-press","status-publish","has-post-thumbnail","hentry"],"acf":[],"yoast_head":"<!-- This site is optimized with the Yoast SEO Premium plugin v27.4 (Yoast SEO v27.4) - https:\/\/yoast.com\/product\/yoast-seo-premium-wordpress\/ -->\n<title>Verint ernennt Dave Rhodes zum Vorstandsvorsitzenden<\/title>\n<meta name=\"description\" content=\"Branchenveteran leitet das kombinierte Unternehmen Verint-Calabrio, das seine Vision der CX-Automatisierung vorantreibt\" \/>\n<meta name=\"robots\" content=\"index, follow, max-snippet:-1, max-image-preview:large, max-video-preview:-1\" \/>\n<link rel=\"canonical\" href=\"https:\/\/www.calabrio.com\/de\/press\/verint-ernennt-dave-rhodes-zum-vorstandsvorsitzenden\/\" \/>\n<meta property=\"og:locale\" content=\"de_DE\" \/>\n<meta property=\"og:type\" content=\"article\" \/>\n<meta property=\"og:title\" content=\"Verint ernennt Dave Rhodes zum Vorstandsvorsitzenden\" \/>\n<meta property=\"og:description\" content=\"Branchenveteran leitet das kombinierte Unternehmen Verint-Calabrio, das seine Vision der CX-Automatisierung vorantreibt MELVILLE, N.Y., 24. Februar 2026 -\" \/>\n<meta property=\"og:url\" content=\"https:\/\/www.calabrio.com\/de\/press\/verint-ernennt-dave-rhodes-zum-vorstandsvorsitzenden\/\" \/>\n<meta property=\"og:site_name\" content=\"Calabrio\" \/>\n<meta property=\"article:publisher\" content=\"https:\/\/www.facebook.com\/pages\/Calabrio\/312159772174664\" \/>\n<meta property=\"article:modified_time\" content=\"2026-03-26T12:28:09+00:00\" \/>\n<meta property=\"og:image\" content=\"https:\/\/www.calabrio.com\/wp-content\/uploads\/2026\/02\/verint-ceo-social-post-graphic-1.webp\" \/>\n\t<meta property=\"og:image:width\" content=\"2400\" \/>\n\t<meta property=\"og:image:height\" content=\"2400\" \/>\n\t<meta property=\"og:image:type\" content=\"image\/webp\" \/>\n<meta name=\"twitter:card\" content=\"summary_large_image\" \/>\n<meta name=\"twitter:site\" content=\"@calabrio\" \/>\n<meta name=\"twitter:label1\" content=\"Gesch\u00e4tzte Lesezeit\" \/>\n\t<meta name=\"twitter:data1\" content=\"3 Minuten\" \/>\n<script type=\"application\/ld+json\" class=\"yoast-schema-graph\">{\"@context\":\"https:\\\/\\\/schema.org\",\"@graph\":[{\"@type\":\"WebPage\",\"@id\":\"https:\\\/\\\/www.calabrio.com\\\/de\\\/press\\\/verint-ernennt-dave-rhodes-zum-vorstandsvorsitzenden\\\/\",\"url\":\"https:\\\/\\\/www.calabrio.com\\\/de\\\/press\\\/verint-ernennt-dave-rhodes-zum-vorstandsvorsitzenden\\\/\",\"name\":\"Verint ernennt Dave Rhodes zum Vorstandsvorsitzenden\",\"isPartOf\":{\"@id\":\"https:\\\/\\\/www.calabrio.com\\\/fr\\\/#website\"},\"primaryImageOfPage\":{\"@id\":\"https:\\\/\\\/www.calabrio.com\\\/de\\\/press\\\/verint-ernennt-dave-rhodes-zum-vorstandsvorsitzenden\\\/#primaryimage\"},\"image\":{\"@id\":\"https:\\\/\\\/www.calabrio.com\\\/de\\\/press\\\/verint-ernennt-dave-rhodes-zum-vorstandsvorsitzenden\\\/#primaryimage\"},\"thumbnailUrl\":\"https:\\\/\\\/www.calabrio.com\\\/wp-content\\\/uploads\\\/2026\\\/02\\\/verint-ceo-social-post-graphic-1.webp\",\"datePublished\":\"2026-02-24T17:01:56+00:00\",\"dateModified\":\"2026-03-26T12:28:09+00:00\",\"description\":\"Branchenveteran leitet das kombinierte Unternehmen Verint-Calabrio, das seine Vision der CX-Automatisierung vorantreibt\",\"breadcrumb\":{\"@id\":\"https:\\\/\\\/www.calabrio.com\\\/de\\\/press\\\/verint-ernennt-dave-rhodes-zum-vorstandsvorsitzenden\\\/#breadcrumb\"},\"inLanguage\":\"de\",\"potentialAction\":[{\"@type\":\"ReadAction\",\"target\":[\"https:\\\/\\\/www.calabrio.com\\\/de\\\/press\\\/verint-ernennt-dave-rhodes-zum-vorstandsvorsitzenden\\\/\"]}]},{\"@type\":\"ImageObject\",\"inLanguage\":\"de\",\"@id\":\"https:\\\/\\\/www.calabrio.com\\\/de\\\/press\\\/verint-ernennt-dave-rhodes-zum-vorstandsvorsitzenden\\\/#primaryimage\",\"url\":\"https:\\\/\\\/www.calabrio.com\\\/wp-content\\\/uploads\\\/2026\\\/02\\\/verint-ceo-social-post-graphic-1.webp\",\"contentUrl\":\"https:\\\/\\\/www.calabrio.com\\\/wp-content\\\/uploads\\\/2026\\\/02\\\/verint-ceo-social-post-graphic-1.webp\",\"width\":2400,\"height\":2400},{\"@type\":\"BreadcrumbList\",\"@id\":\"https:\\\/\\\/www.calabrio.com\\\/de\\\/press\\\/verint-ernennt-dave-rhodes-zum-vorstandsvorsitzenden\\\/#breadcrumb\",\"itemListElement\":[{\"@type\":\"ListItem\",\"position\":1,\"name\":\"Home\",\"item\":\"https:\\\/\\\/www.calabrio.com\\\/de\\\/\"},{\"@type\":\"ListItem\",\"position\":2,\"name\":\"Press\",\"item\":\"https:\\\/\\\/www.calabrio.com\\\/press\\\/\"},{\"@type\":\"ListItem\",\"position\":3,\"name\":\"Verint ernennt Dave Rhodes zum Vorstandsvorsitzenden\"}]},{\"@type\":\"WebSite\",\"@id\":\"https:\\\/\\\/www.calabrio.com\\\/fr\\\/#website\",\"url\":\"https:\\\/\\\/www.calabrio.com\\\/fr\\\/\",\"name\":\"Calabrio\",\"description\":\"Workforce Engagement Management Software\",\"publisher\":{\"@id\":\"https:\\\/\\\/www.calabrio.com\\\/fr\\\/#organization\"},\"potentialAction\":[{\"@type\":\"SearchAction\",\"target\":{\"@type\":\"EntryPoint\",\"urlTemplate\":\"https:\\\/\\\/www.calabrio.com\\\/fr\\\/?s={search_term_string}\"},\"query-input\":{\"@type\":\"PropertyValueSpecification\",\"valueRequired\":true,\"valueName\":\"search_term_string\"}}],\"inLanguage\":\"de\"},{\"@type\":\"Organization\",\"@id\":\"https:\\\/\\\/www.calabrio.com\\\/fr\\\/#organization\",\"name\":\"Calabrio\",\"url\":\"https:\\\/\\\/www.calabrio.com\\\/fr\\\/\",\"logo\":{\"@type\":\"ImageObject\",\"inLanguage\":\"de\",\"@id\":\"https:\\\/\\\/www.calabrio.com\\\/fr\\\/#\\\/schema\\\/logo\\\/image\\\/\",\"url\":\"https:\\\/\\\/www.calabrio.com\\\/wp-content\\\/uploads\\\/2025\\\/01\\\/Group-1707478765.png\",\"contentUrl\":\"https:\\\/\\\/www.calabrio.com\\\/wp-content\\\/uploads\\\/2025\\\/01\\\/Group-1707478765.png\",\"width\":1360,\"height\":984,\"caption\":\"Calabrio\"},\"image\":{\"@id\":\"https:\\\/\\\/www.calabrio.com\\\/fr\\\/#\\\/schema\\\/logo\\\/image\\\/\"},\"sameAs\":[\"https:\\\/\\\/www.facebook.com\\\/pages\\\/Calabrio\\\/312159772174664\",\"https:\\\/\\\/x.com\\\/calabrio\",\"https:\\\/\\\/www.linkedin.com\\\/company\\\/calabrio\"]}]}<\/script>\n<!-- \/ Yoast SEO Premium plugin. -->","yoast_head_json":{"title":"Verint ernennt Dave Rhodes zum Vorstandsvorsitzenden","description":"Branchenveteran leitet das kombinierte Unternehmen Verint-Calabrio, das seine Vision der CX-Automatisierung vorantreibt","robots":{"index":"index","follow":"follow","max-snippet":"max-snippet:-1","max-image-preview":"max-image-preview:large","max-video-preview":"max-video-preview:-1"},"canonical":"https:\/\/www.calabrio.com\/de\/press\/verint-ernennt-dave-rhodes-zum-vorstandsvorsitzenden\/","og_locale":"de_DE","og_type":"article","og_title":"Verint ernennt Dave Rhodes zum Vorstandsvorsitzenden","og_description":"Branchenveteran leitet das kombinierte Unternehmen Verint-Calabrio, das seine Vision der CX-Automatisierung vorantreibt MELVILLE, N.Y., 24. Februar 2026 -","og_url":"https:\/\/www.calabrio.com\/de\/press\/verint-ernennt-dave-rhodes-zum-vorstandsvorsitzenden\/","og_site_name":"Calabrio","article_publisher":"https:\/\/www.facebook.com\/pages\/Calabrio\/312159772174664","article_modified_time":"2026-03-26T12:28:09+00:00","og_image":[{"width":2400,"height":2400,"url":"https:\/\/www.calabrio.com\/wp-content\/uploads\/2026\/02\/verint-ceo-social-post-graphic-1.webp","type":"image\/webp"}],"twitter_card":"summary_large_image","twitter_site":"@calabrio","twitter_misc":{"Gesch\u00e4tzte Lesezeit":"3 Minuten"},"schema":{"@context":"https:\/\/schema.org","@graph":[{"@type":"WebPage","@id":"https:\/\/www.calabrio.com\/de\/press\/verint-ernennt-dave-rhodes-zum-vorstandsvorsitzenden\/","url":"https:\/\/www.calabrio.com\/de\/press\/verint-ernennt-dave-rhodes-zum-vorstandsvorsitzenden\/","name":"Verint ernennt Dave Rhodes zum Vorstandsvorsitzenden","isPartOf":{"@id":"https:\/\/www.calabrio.com\/fr\/#website"},"primaryImageOfPage":{"@id":"https:\/\/www.calabrio.com\/de\/press\/verint-ernennt-dave-rhodes-zum-vorstandsvorsitzenden\/#primaryimage"},"image":{"@id":"https:\/\/www.calabrio.com\/de\/press\/verint-ernennt-dave-rhodes-zum-vorstandsvorsitzenden\/#primaryimage"},"thumbnailUrl":"https:\/\/www.calabrio.com\/wp-content\/uploads\/2026\/02\/verint-ceo-social-post-graphic-1.webp","datePublished":"2026-02-24T17:01:56+00:00","dateModified":"2026-03-26T12:28:09+00:00","description":"Branchenveteran leitet das kombinierte Unternehmen Verint-Calabrio, das seine Vision der CX-Automatisierung vorantreibt","breadcrumb":{"@id":"https:\/\/www.calabrio.com\/de\/press\/verint-ernennt-dave-rhodes-zum-vorstandsvorsitzenden\/#breadcrumb"},"inLanguage":"de","potentialAction":[{"@type":"ReadAction","target":["https:\/\/www.calabrio.com\/de\/press\/verint-ernennt-dave-rhodes-zum-vorstandsvorsitzenden\/"]}]},{"@type":"ImageObject","inLanguage":"de","@id":"https:\/\/www.calabrio.com\/de\/press\/verint-ernennt-dave-rhodes-zum-vorstandsvorsitzenden\/#primaryimage","url":"https:\/\/www.calabrio.com\/wp-content\/uploads\/2026\/02\/verint-ceo-social-post-graphic-1.webp","contentUrl":"https:\/\/www.calabrio.com\/wp-content\/uploads\/2026\/02\/verint-ceo-social-post-graphic-1.webp","width":2400,"height":2400},{"@type":"BreadcrumbList","@id":"https:\/\/www.calabrio.com\/de\/press\/verint-ernennt-dave-rhodes-zum-vorstandsvorsitzenden\/#breadcrumb","itemListElement":[{"@type":"ListItem","position":1,"name":"Home","item":"https:\/\/www.calabrio.com\/de\/"},{"@type":"ListItem","position":2,"name":"Press","item":"https:\/\/www.calabrio.com\/press\/"},{"@type":"ListItem","position":3,"name":"Verint ernennt Dave Rhodes zum Vorstandsvorsitzenden"}]},{"@type":"WebSite","@id":"https:\/\/www.calabrio.com\/fr\/#website","url":"https:\/\/www.calabrio.com\/fr\/","name":"Calabrio","description":"Workforce Engagement Management Software","publisher":{"@id":"https:\/\/www.calabrio.com\/fr\/#organization"},"potentialAction":[{"@type":"SearchAction","target":{"@type":"EntryPoint","urlTemplate":"https:\/\/www.calabrio.com\/fr\/?s={search_term_string}"},"query-input":{"@type":"PropertyValueSpecification","valueRequired":true,"valueName":"search_term_string"}}],"inLanguage":"de"},{"@type":"Organization","@id":"https:\/\/www.calabrio.com\/fr\/#organization","name":"Calabrio","url":"https:\/\/www.calabrio.com\/fr\/","logo":{"@type":"ImageObject","inLanguage":"de","@id":"https:\/\/www.calabrio.com\/fr\/#\/schema\/logo\/image\/","url":"https:\/\/www.calabrio.com\/wp-content\/uploads\/2025\/01\/Group-1707478765.png","contentUrl":"https:\/\/www.calabrio.com\/wp-content\/uploads\/2025\/01\/Group-1707478765.png","width":1360,"height":984,"caption":"Calabrio"},"image":{"@id":"https:\/\/www.calabrio.com\/fr\/#\/schema\/logo\/image\/"},"sameAs":["https:\/\/www.facebook.com\/pages\/Calabrio\/312159772174664","https:\/\/x.com\/calabrio","https:\/\/www.linkedin.com\/company\/calabrio"]}]}},"_links":{"self":[{"href":"https:\/\/www.calabrio.com\/de\/wp-json\/wp\/v2\/press\/41465","targetHints":{"allow":["GET"]}}],"collection":[{"href":"https:\/\/www.calabrio.com\/de\/wp-json\/wp\/v2\/press"}],"about":[{"href":"https:\/\/www.calabrio.com\/de\/wp-json\/wp\/v2\/types\/press"}],"author":[{"embeddable":true,"href":"https:\/\/www.calabrio.com\/de\/wp-json\/wp\/v2\/users\/4"}],"replies":[{"embeddable":true,"href":"https:\/\/www.calabrio.com\/de\/wp-json\/wp\/v2\/comments?post=41465"}],"wp:featuredmedia":[{"embeddable":true,"href":"https:\/\/www.calabrio.com\/de\/wp-json\/wp\/v2\/media\/43007"}],"wp:attachment":[{"href":"https:\/\/www.calabrio.com\/de\/wp-json\/wp\/v2\/media?parent=41465"}],"wp:term":[{"taxonomy":"press_category","embeddable":true,"href":"https:\/\/www.calabrio.com\/de\/wp-json\/wp\/v2\/press_category?post=41465"}],"curies":[{"name":"wp","href":"https:\/\/api.w.org\/{rel}","templated":true}]}}