
{"id":36073,"date":"2021-12-01T08:11:05","date_gmt":"2021-12-01T08:11:05","guid":{"rendered":"https:\/\/www.calabrio.com\/fr\/blog\/lequilibre-entre-vie-professionnelle-et-vie-privee-est-un-probleme-majeur-pour-les-centres-de-contact\/"},"modified":"2026-03-04T11:06:09","modified_gmt":"2026-03-04T11:06:09","slug":"lequilibre-entre-vie-professionnelle-et-vie-privee-est-un-probleme-majeur-pour-les-centres-de-contact","status":"publish","type":"post","link":"https:\/\/www.calabrio.com\/fr\/blog\/lequilibre-entre-vie-professionnelle-et-vie-privee-est-un-probleme-majeur-pour-les-centres-de-contact\/","title":{"rendered":"L&rsquo;\u00e9quilibre entre vie professionnelle et vie priv\u00e9e est un probl\u00e8me majeur pour les centres de contact"},"content":{"rendered":"\n<section\n\tid=\"\"\n\tclass=\"section-blog-case-study pb-l\/l md:pb-l\/xxl\"\n\tdata-theme-block-id=\"block_ebb0b3fe9c1a0bf0d17fff87279d1af8\"\n\tdata-aos=\"fade-up\"\n>\n\t<div class=\"relative\">\n\t\t\t\t\t<div class=\"absolute top-0 left-c\/xl pt-0 lg:pt-4 md:mt-c\/m lg:mt-0\">\n\t\t\t\t<div class=\"py-c\/xs md:py-c\/l xl:py-c\/xs\">\n\t\t\t\t\t<ul class=\"flex gap-2 line-clamp-1 body-small\"><\/ul>\t\t\t\t<\/div>\n\t\t\t<\/div>\n\t\t\t\t\t\t<div class=\"flex lg:flex-row justify-between md:pt-l\/xl  flex-col\">\n\t\t\t<div class=\"container mt-c\/l md:-mt-c\/m lg:w-[calc(100%\/240*139)] lg:pb-0 flex flex-col gap-c\/xl md:gap-c\/l lg:px-c\/xxl xl:pr-[170px]  pt-c\/xxl lg:py-c\/xxl\">\n\t\t\t\t\t\t\t\t\t\t\t\t<div class=\"flex flex-row gap-c\/m pt-c\/s md:pt-c\/l flex-wrap\">\n\t\t\t\t\t\t\t\t\t\t\t\t\t\t<p class=\"w-fit body-small text-text-secondary-aa font-medium px-c\/m py-c\/xs bg-background-secondary rounded-xs cursor-pointer\">Analytique <\/p>\n\t\t\t\t\t\t\t\t\t\t\t\t<\/div>\n\t\t\t\t\t\t\t\t<div class=\"\">\n\t\t\t\t\t<h1 class=\"heading-medium pb-c\/m\">L&rsquo;\u00e9quilibre entre vie professionnelle et vie priv\u00e9e est un probl\u00e8me majeur pour les centres de contact<\/h1>\n\t\t\t\t\t\t\t\t\t<\/div>\n\n\t\t\t\t\n\t\t\t\t\n\t\t\t<\/div>\n\t\t\t<div class=\"relative lg:w-[calc(100%\/200*101)] xl:w-[calc(100%\/240*101)]\" data-aos=\"fade-up\" data-aos-delay=\"250\">\n\t\t\t\t\t\t\t\t\t\t\t\t\t\t\t\t<\/div>\n\t\t<\/div>\n\t<\/div>\n<\/section>\n\n\t\t<style>\n\t[data-theme-block-id=\"block_ebb0b3fe9c1a0bf0d17fff87279d1af8\"] {\n\t\t@media only screen and (max-width: 743px) {\n\t\t\t\t\t\t\t\t}\n\t\t@media only screen and (min-width: 744px) {\n\t\t\t\t\t\t\t\t}\n\t}\n\t<\/style>\n\n\n\n<div class=\"container group page-layout flex flex-col flex-wrap lg:flex-row gap-l\/xxl lg:gap-gutter py-l\/xxl lg:py-l\/xs blg_inner_container\" data-module=\"page-layout\">\n\t\t\t\t\t\n\t<div\n\t\tclass=\"w-full aos-init aos-animate gap-c\/l flex flex-col\"\n\t\tdata-module=\"sticky-nav\"\n\t\tdata-aos=\"fade-up\"\n\t>\n\n\n\t<div class=\"flex justify-between items-center\">\n\t\t<p class=\"body-medium text-text-tertiary-aa\">Share<\/p>\n\n\t\t<div class=\"flex\">\n\t\t\t<a\n\t\t\t\thref=\"https:\/\/www.linkedin.com\/sharing\/share-offsite\/?url=https%3A%2F%2Fwww.calabrio.com%2Ffr%2Fblog%2Flequilibre-entre-vie-professionnelle-et-vie-privee-est-un-probleme-majeur-pour-les-centres-de-contact%2F\"\n\t\t\t\ttarget=\"_blank\"\n\t\t\t\trel=\"noopener noreferrer\"\n\t\t\t\tclass=\"w-10 h-10 flex justify-center items-center p-c\/s border-thin border-stroke-tertiary hover:opacity-85\"\n\t\t\t\taria-label=\"\"\n\t\t\t>\n\t\t\t\t<svg width=\"18\" height=\"18\" viewBox=\"0 0 18 18\" fill=\"none\" xmlns=\"http:\/\/www.w3.org\/2000\/svg\">\n<g clip-path=\"url(#clip0_2513_59672)\">\n<path d=\"M16.6676 0H1.32891C0.594141 0 0 0.580078 0 1.29727V16.6992C0 17.4164 0.594141 18 1.32891 18H16.6676C17.4023 18 18 17.4164 18 16.7027V1.29727C18 0.580078 17.4023 0 16.6676 0ZM5.34023 15.3387H2.66836V6.74648H5.34023V15.3387ZM4.0043 5.57578C3.14648 5.57578 2.45391 4.8832 2.45391 4.02891C2.45391 3.17461 3.14648 2.48203 4.0043 2.48203C4.85859 2.48203 5.55117 3.17461 5.55117 4.02891C5.55117 4.87969 4.85859 5.57578 4.0043 5.57578ZM15.3387 15.3387H12.6703V11.1621C12.6703 10.1672 12.6527 8.88398 11.2816 8.88398C9.89297 8.88398 9.68203 9.97031 9.68203 11.0918V15.3387H7.01719V6.74648H9.57656V7.9207H9.61172C9.9668 7.2457 10.8387 6.53203 12.1359 6.53203C14.8395 6.53203 15.3387 8.31094 15.3387 10.6242V15.3387Z\" fill=\"#2356E7\"\/>\n<\/g>\n<defs>\n<clipPath id=\"clip0_2513_59672\">\n<rect width=\"18\" height=\"18\" fill=\"white\"\/>\n<\/clipPath>\n<\/defs>\n<\/svg>\n\t\t\t<\/a>\n\n\t\t\t<a\n\t\t\t\thref=\"https:\/\/twitter.com\/intent\/tweet?url=https%3A%2F%2Fwww.calabrio.com%2Ffr%2Fblog%2Flequilibre-entre-vie-professionnelle-et-vie-privee-est-un-probleme-majeur-pour-les-centres-de-contact%2F&#038;text=L&rsquo;\u00e9quilibre entre vie professionnelle et vie priv\u00e9e est un probl\u00e8me majeur pour les centres de contact\"\n\t\t\t\ttarget=\"_blank\"\n\t\t\t\trel=\"noopener noreferrer\"\n\t\t\t\tclass=\"w-10 h-10 flex justify-center items-center p-c\/s border-thin border-stroke-tertiary hover:opacity-85\"\n\t\t\t\taria-label=\"\"\n\t\t\t>\n\t\t\t\t<svg width=\"18\" height=\"18\" viewBox=\"0 0 18 18\" fill=\"none\" xmlns=\"http:\/\/www.w3.org\/2000\/svg\">\n<path d=\"M13.7447 1.42792H16.2748L10.7473 7.74554L17.25 16.3424H12.1584L8.17053 11.1284L3.60746 16.3424H1.07582L6.98808 9.58499L0.75 1.42792H5.97083L9.57555 6.19367L13.7447 1.42792ZM12.8567 14.828H14.2587L5.20905 2.86277H3.7046L12.8567 14.828Z\" fill=\"#2356E7\"\/>\n<\/svg>\n\t\t\t<\/a>\n\n\t\t\t<a\n\t\t\t\thref=\"https:\/\/www.facebook.com\/sharer\/sharer.php?u=https%3A%2F%2Fwww.calabrio.com%2Ffr%2Fblog%2Flequilibre-entre-vie-professionnelle-et-vie-privee-est-un-probleme-majeur-pour-les-centres-de-contact%2F\"\n\t\t\t\ttarget=\"_blank\"\n\t\t\t\trel=\"noopener noreferrer\"\n\t\t\t\tclass=\"w-10 h-10 flex justify-center items-center p-c\/s border-thin border-stroke-tertiary hover:opacity-85\"\n\t\t\t\taria-label=\"\"\n\t\t\t>\n\t\t\t\t<svg width=\"18\" height=\"18\" viewBox=\"0 0 18 18\" fill=\"none\" xmlns=\"http:\/\/www.w3.org\/2000\/svg\">\n<g clip-path=\"url(#clip0_2513_59678)\">\n<path d=\"M9 0C4.02948 0 0 4.02948 0 9C0 13.2206 2.90592 16.7623 6.82596 17.735V11.7504H4.97016V9H6.82596V7.81488C6.82596 4.75164 8.21232 3.3318 11.2198 3.3318C11.79 3.3318 12.7739 3.44376 13.1764 3.55536V6.04836C12.964 6.02604 12.595 6.01488 12.1367 6.01488C10.661 6.01488 10.0908 6.57396 10.0908 8.02728V9H13.0306L12.5255 11.7504H10.0908V17.9341C14.5472 17.3959 18.0004 13.6015 18.0004 9C18 4.02948 13.9705 0 9 0Z\" fill=\"#2356E7\"\/>\n<\/g>\n<defs>\n<clipPath id=\"clip0_2513_59678\">\n<rect width=\"18\" height=\"18\" fill=\"white\"\/>\n<\/clipPath>\n<\/defs>\n<\/svg>\n\t\t\t<\/a>\n\t\t<\/div>\n\t<\/div>\n\n\t<\/div>\n\t\t\t\n\t\t\t<div class=\"flex flex-col flex-1 lg:basis-0 lg:py-c\/m  js-page-content overflow-hidden\">\n\t\t\t<div\n\tstyle=\"background-color: #FFFFFF\"\n\tclass=\" wysiwyg wysiwyg--inline flex flex-col py-c\/l gap-c\/m\"\n\tid=\"\"\n\tdata-aos=\"fade-up\"\n>\n\t\t\t\n\t\t\t\t\t<span style=\"color: #080F21\"><div class='wpb-content-wrapper'>La partie la plus difficile de toute activit\u00e9 de centre de contact est de trouver un \u00e9quilibre entre ce dont les employ\u00e9s ont besoin et ce qu&rsquo;il faut faire pour satisfaire les clients. Les responsables des centres de contact sont confront\u00e9s \u00e0 ce m\u00eame dilemme \u00e0 maintes reprises. Comment peuvent-ils concilier un mod\u00e8le d&rsquo;entreprise qui exige un service \u00e0 la client\u00e8le 24 heures sur 24 et 7 jours sur 7 tout en respectant les engagements pris par les agents en mati\u00e8re de vie professionnelle et de vie priv\u00e9e ?<\/p>\n<p>Ce sc\u00e9nario de pouss\u00e9e et de traction constantes met \u00e0 l&rsquo;\u00e9preuve m\u00eame les op\u00e9rations les plus flexibles des centres de contact. Il s&rsquo;agit d&rsquo;un \u00e9quilibre d\u00e9licat qui \u00e9tait difficile \u00e0 atteindre avant la pand\u00e9mie. Dans de nombreux cas, il est encore plus difficile d&rsquo;y parvenir aujourd&rsquo;hui avec la n\u00e9cessit\u00e9 de trouver <a href=\"https:\/\/www.calabrio.com\/fr\/produits\/travail-a-distance\/\" target=\"_blank\" rel=\"noopener\">des solutions de travail \u00e0 distance.<\/a> Examinons les raisons pour lesquelles il a \u00e9t\u00e9 difficile de s&rsquo;adapter et les moyens de parvenir \u00e0 un bon \u00e9quilibre entre vie professionnelle et vie priv\u00e9e dans les centres de contact.<\/p>\n<h2><strong>Les d\u00e9fis actuels des centres de contact<\/strong><\/h2>\n<p>Le monde a chang\u00e9, et le fonctionnement des centres de contact ne fait pas exception \u00e0 la r\u00e8gle. Les dirigeants doivent trouver d&rsquo;autres moyens de maintenir l&rsquo;engagement des agents et d&rsquo;\u00e9quilibrer une \u00e9quipe hybride ou distante, tout en r\u00e9pondant aux attentes croissantes des clients. Quels sont donc les facteurs que les responsables des centres de contact doivent prendre en compte pour parvenir \u00e0 cet \u00e9quilibre ? Voici quelques exemples :<\/p>\n<h3><strong>Les agents souhaitent une plus grande flexibilit\u00e9 sur le lieu de travail<\/strong><\/h3>\n<p>Les agents souhaitent conserver la flexibilit\u00e9 du lieu de travail qui leur a \u00e9t\u00e9 accord\u00e9e pendant la pand\u00e9mie. L&rsquo;augmentation des <a href=\"https:\/\/www.calabrio.com\/wfo\/managing-remote-workforce\/\" target=\"_blank\" rel=\"noopener\">possibilit\u00e9s de travail \u00e0 distance<\/a> permet aux agents de contr\u00f4ler davantage leur propre destin. Un bon exemple est la possibilit\u00e9 de s&rsquo;occuper d&rsquo;un enfant malade entre deux appels sans avoir \u00e0 utiliser un jour de cong\u00e9 de maladie. Apr\u00e8s avoir acc\u00e9d\u00e9 \u00e0 cette libert\u00e9, les agents ne veulent pas revenir \u00e0 l&rsquo;ancienne fa\u00e7on de faire les choses. Les agents veulent le meilleur des deux mondes, et ils le veulent tout de suite. Les responsables des centres d&rsquo;appel peuvent s&rsquo;inqui\u00e9ter de la capacit\u00e9 de leurs agents \u00e0 g\u00e9rer leurs responsabilit\u00e9s personnelles et professionnelles dans ces conditions.<\/p>\n<h3><strong>L&rsquo;attrition des agents est en hausse<\/strong><\/h3>\n<p>Les agents sont plus susceptibles de partir s&rsquo;ils n&rsquo;obtiennent pas ce qu&rsquo;ils veulent. Le march\u00e9 de l&#8217;emploi \u00e9volue, ce qui permet aux agents de r\u00e9agir. Cela pose de nouveaux d\u00e9fis en mati\u00e8re de fid\u00e9lisation des meilleurs \u00e9l\u00e9ments et de recrutement de nouveaux agents. Aujourd&rsquo;hui, les salari\u00e9s disposent d&rsquo;un plus grand nombre d&rsquo;options d&#8217;emploi aupr\u00e8s d&rsquo;entreprises d\u00e9sireuses de r\u00e9pondre \u00e0 leurs pr\u00e9f\u00e9rences.<\/p>\n<p>La demande d&rsquo;agents de centre de contact talentueux est en augmentation. Les centres de contact sont de plus en plus nombreux \u00e0 embaucher, \u00e0 augmenter les salaires et \u00e0 accro\u00eetre la flexibilit\u00e9 du lieu de travail qu&rsquo;ils offrent aux agents. C&rsquo;est pourquoi les centres de contact doivent faire preuve de cr\u00e9ativit\u00e9 pour <a href=\"https:\/\/www.calabrio.com\/fr\/blog\/comment-lutter-contre-lattrition-des-agents-des-centres-dappels\/\" target=\"_blank\" rel=\"noopener\">\u00e9viter l&rsquo;attrition des agents<\/a>.<\/p>\n<h3><strong>Les op\u00e9rations des centres de contact se d\u00e9veloppent<\/strong><\/h3>\n<p>La pand\u00e9mie a oblig\u00e9 les agents des centres de contact \u00e0 passer \u00e0 l&rsquo;action et \u00e0 faire des bonds technologiques \u00e0 grande \u00e9chelle comme jamais auparavant. Bien que de grands progr\u00e8s aient \u00e9t\u00e9 r\u00e9alis\u00e9s, la plupart des centres de contact sont encore en train de rattraper leur retard. Il est ind\u00e9niable que les centres de contact avaient besoin d&rsquo;un red\u00e9marrage concernant leur approche du travail \u00e0 distance et l&rsquo;<a href=\"https:\/\/www.talkdesk.com\/blog\/call-center-reporting-and-analytics\/\" target=\"_blank\" rel=\"noopener\">utilisation des rapports des centres d&rsquo;appel.<\/a><\/p>\n<p>La pand\u00e9mie a contraint la plupart d&rsquo;entre eux \u00e0 essayer de faire passer en dix-huit mois cinq ann\u00e9es de progr\u00e8s en mati\u00e8re de flexibilit\u00e9 sur le lieu de travail. Pour beaucoup, il en r\u00e9sulte une infrastructure technologique d\u00e9connect\u00e9e, dot\u00e9e d&rsquo;outils puissants qui ne sont pas utilis\u00e9s de mani\u00e8re optimale.<\/p>\n<h2><strong>L&rsquo;art de l&rsquo;\u00e9quilibre entre vie professionnelle et vie priv\u00e9e dans les centres de contact<\/strong><\/h2>\n<p>Tout cela forme un sc\u00e9nario sans pr\u00e9c\u00e9dent : comment les dirigeants des centres de contact peuvent-ils relever ces nouveaux d\u00e9fis ? Heureusement, il y a trois choses que vous pouvez faire d\u00e8s maintenant pour am\u00e9liorer l&rsquo;\u00e9quilibre entre vie professionnelle et vie priv\u00e9e au sein de votre organisation :<\/p>\n<h3><strong>1. Cr\u00e9er davantage d&rsquo;opportunit\u00e9s de coaching de la performance  <\/strong><\/h3>\n<p>Les agents veulent savoir qu&rsquo;ils peuvent avoir un avenir solide au sein d&rsquo;un centre de contact. En leur montrant des possibilit\u00e9s de carri\u00e8re, ils se sentent appr\u00e9ci\u00e9s. Mettez en place des boucles de retour d&rsquo;information continues avec les employ\u00e9s. Demandez-leur ce qu&rsquo;ils aiment ou n&rsquo;aiment pas dans leur travail et ce que la flexibilit\u00e9 signifie pour eux. Vous constaterez peut-\u00eatre que leurs r\u00e9ponses \u00e9voluent au fil du temps, alors n&rsquo;h\u00e9sitez pas \u00e0 les interroger \u00e0 nouveau.<\/p>\n<p>En ajoutant le coaching de performance, les agents peuvent d\u00e9velopper leurs connaissances sur tous les canaux, acqu\u00e9rir des comp\u00e9tences techniques et non techniques, et s&rsquo;impliquer dans leur travail. Au cours de ce processus, les dirigeants peuvent encourager le d\u00e9veloppement personnel et professionnel tout en aidant \u00e0 fixer des objectifs de carri\u00e8re. Veillez \u00e9galement \u00e0 ce que les jeunes agents soient form\u00e9s de la mani\u00e8re qui leur convient le mieux. Ce qui fonctionne pour un agent de la g\u00e9n\u00e9ration X peut ne pas fonctionner pour un agent de la g\u00e9n\u00e9ration du mill\u00e9naire ou de la g\u00e9n\u00e9ration Z.<\/p>\n<h3><strong>2. Assurez-vous d&rsquo;utiliser la bonne technologie<\/strong><\/h3>\n<p>D\u00e9ployez des outils de centre de contact bas\u00e9s sur le cloud qui permettent une plus grande flexibilit\u00e9 du lieu de travail pour les agents distants et hybrides. Cela permet d&rsquo;\u00e9liminer les silos de donn\u00e9es, de g\u00e9rer de nouvelles cohortes, d&rsquo;unifier les canaux de communication et de mieux g\u00e9rer le temps des agents. Les superviseurs peuvent alors encourager de mani\u00e8re proactive l&rsquo;utilisation de chaque outil et contr\u00f4ler la facilit\u00e9 avec laquelle les agents l&rsquo;adoptent. Votre centre de contact et vos agents profitent pleinement de ce qu&rsquo;il peut faire.<\/p>\n<h3><strong>3. Optimiser l&rsquo;exp\u00e9rience et le flux omnicanal<\/strong><\/h3>\n<p>Enfin, unifiez vos canaux num\u00e9riques pour am\u00e9liorer consid\u00e9rablement le parcours du client. Vous pouvez obtenir des informations plus riches et am\u00e9liorer continuellement l&rsquo;exp\u00e9rience omnicanale pour les agents et les clients. Cr\u00e9ez des exp\u00e9riences client plus transparentes en brisant ces canaux de communication.<\/p>\n<h2><strong>Un meilleur \u00e9quilibre entre vie professionnelle et vie priv\u00e9e est possible<\/strong><\/h2>\n<p>En conclusion, la nouvelle norme est d&rsquo;offrir aux agents un meilleur \u00e9quilibre entre vie professionnelle et vie priv\u00e9e gr\u00e2ce \u00e0 la flexibilit\u00e9 du lieu de travail. C&rsquo;est la meilleure option pour les centres de contact qui souhaitent attirer et retenir des agents talentueux. Le moment est venu d&rsquo;accepter cette r\u00e9alit\u00e9 et de commencer \u00e0 apporter des changements r\u00e9els, durables et fond\u00e9s sur la technologie au sein de votre organisation.<\/p>\n<p>D\u00e9couvrez comment am\u00e9liorer le bien-\u00eatre et la fid\u00e9lisation des agents. Lisez le <a href=\"https:\/\/info.calabrio.com\/agent-wellbeing-survey\/\" target=\"_blank\" rel=\"noopener\">rapport Calabrio sur le bien-\u00eatre des agents<\/a> pour d\u00e9couvrir d&rsquo;autres fa\u00e7ons d&rsquo;investir dans la sant\u00e9 mentale et la r\u00e9ussite professionnelle de vos agents. Prenez ce temps en main en cr\u00e9ant un meilleur environnement de travail qui puisse r\u00e9sister \u00e0 l&rsquo;\u00e9preuve du temps.<\/div>\n<\/span>\n\t\t\t<\/div>\n\t\t<\/div>\n\t\n\n\n\t<\/div> ","protected":false},"excerpt":{"rendered":"","protected":false},"author":234,"featured_media":4843,"comment_status":"closed","ping_status":"closed","sticky":false,"template":"","format":"standard","meta":{"_acf_changed":true,"om_disable_all_campaigns":false,"footnotes":""},"categories":[36],"tags":[],"blog-languages":[],"class_list":["post-36073","post","type-post","status-publish","format-standard","has-post-thumbnail","hentry","category-analytics-fr"],"acf":[],"yoast_head":"<!-- This site is optimized with the Yoast SEO Premium plugin v27.4 (Yoast SEO v27.4) - https:\/\/yoast.com\/product\/yoast-seo-premium-wordpress\/ -->\n<title>L&#039;\u00e9quilibre entre vie professionnelle et vie priv\u00e9e est un probl\u00e8me majeur pour les centres de contact | Calabrio<\/title>\n<meta name=\"description\" content=\"G\u00e9rer un bon \u00e9quilibre entre vie professionnelle et vie priv\u00e9e dans les centres de contact peut s&#039;av\u00e9rer difficile. Apprenez \u00e0 concilier les besoins de l&#039;agent et la satisfaction du client.\" \/>\n<meta name=\"robots\" content=\"index, follow, max-snippet:-1, max-image-preview:large, max-video-preview:-1\" \/>\n<link rel=\"canonical\" href=\"https:\/\/www.calabrio.com\/blog\/lequilibre-entre-vie-professionnelle-et-vie-privee-est-un-probleme-majeur-pour-les-centres-de-contact\/\" \/>\n<meta property=\"og:locale\" content=\"fr_FR\" \/>\n<meta property=\"og:type\" content=\"article\" \/>\n<meta property=\"og:title\" content=\"L&#039;\u00e9quilibre entre vie professionnelle et vie priv\u00e9e est un probl\u00e8me majeur pour les centres de contact\" \/>\n<meta property=\"og:url\" content=\"https:\/\/www.calabrio.com\/blog\/lequilibre-entre-vie-professionnelle-et-vie-privee-est-un-probleme-majeur-pour-les-centres-de-contact\/\" \/>\n<meta property=\"og:site_name\" content=\"Calabrio\" \/>\n<meta property=\"article:publisher\" content=\"https:\/\/www.facebook.com\/pages\/Calabrio\/312159772174664\" \/>\n<meta property=\"article:published_time\" content=\"2021-12-01T08:11:05+00:00\" \/>\n<meta property=\"article:modified_time\" content=\"2026-03-04T11:06:09+00:00\" \/>\n<meta property=\"og:image\" content=\"https:\/\/www.calabrio.com\/wp-content\/uploads\/2021\/12\/thought-catalog-nv-vx3kur2a-unsplash.jpg\" \/>\n\t<meta property=\"og:image:width\" content=\"1920\" \/>\n\t<meta property=\"og:image:height\" content=\"1280\" \/>\n\t<meta property=\"og:image:type\" content=\"image\/jpeg\" \/>\n<meta name=\"twitter:card\" content=\"summary_large_image\" \/>\n<meta name=\"twitter:creator\" content=\"@calabrio\" \/>\n<meta name=\"twitter:site\" content=\"@calabrio\" \/>\n<meta name=\"twitter:label1\" content=\"Written by\" \/>\n\t<meta name=\"twitter:data1\" content=\"\" \/>\n\t<meta name=\"twitter:label2\" content=\"Est. reading time\" \/>\n\t<meta name=\"twitter:data2\" content=\"1 minute\" \/>\n<script type=\"application\/ld+json\" class=\"yoast-schema-graph\">{\"@context\":\"https:\\\/\\\/schema.org\",\"@graph\":[{\"@type\":\"Article\",\"@id\":\"https:\\\/\\\/www.calabrio.com\\\/blog\\\/lequilibre-entre-vie-professionnelle-et-vie-privee-est-un-probleme-majeur-pour-les-centres-de-contact\\\/#article\",\"isPartOf\":{\"@id\":\"https:\\\/\\\/www.calabrio.com\\\/blog\\\/lequilibre-entre-vie-professionnelle-et-vie-privee-est-un-probleme-majeur-pour-les-centres-de-contact\\\/\"},\"author\":{\"name\":\"\",\"@id\":\"\"},\"headline\":\"L&rsquo;\u00e9quilibre entre vie professionnelle et vie priv\u00e9e est un probl\u00e8me majeur pour les centres de contact\",\"datePublished\":\"2021-12-01T08:11:05+00:00\",\"dateModified\":\"2026-03-04T11:06:09+00:00\",\"mainEntityOfPage\":{\"@id\":\"https:\\\/\\\/www.calabrio.com\\\/blog\\\/lequilibre-entre-vie-professionnelle-et-vie-privee-est-un-probleme-majeur-pour-les-centres-de-contact\\\/\"},\"wordCount\":19,\"publisher\":{\"@id\":\"https:\\\/\\\/www.calabrio.com\\\/fr\\\/#organization\"},\"image\":{\"@id\":\"https:\\\/\\\/www.calabrio.com\\\/blog\\\/lequilibre-entre-vie-professionnelle-et-vie-privee-est-un-probleme-majeur-pour-les-centres-de-contact\\\/#primaryimage\"},\"thumbnailUrl\":\"https:\\\/\\\/www.calabrio.com\\\/wp-content\\\/uploads\\\/2021\\\/12\\\/thought-catalog-nv-vx3kur2a-unsplash.jpg\",\"articleSection\":[\"Analytique\"],\"inLanguage\":\"fr-FR\"},{\"@type\":\"WebPage\",\"@id\":\"https:\\\/\\\/www.calabrio.com\\\/blog\\\/lequilibre-entre-vie-professionnelle-et-vie-privee-est-un-probleme-majeur-pour-les-centres-de-contact\\\/\",\"url\":\"https:\\\/\\\/www.calabrio.com\\\/blog\\\/lequilibre-entre-vie-professionnelle-et-vie-privee-est-un-probleme-majeur-pour-les-centres-de-contact\\\/\",\"name\":\"L'\u00e9quilibre entre vie professionnelle et vie priv\u00e9e est un probl\u00e8me majeur pour les centres de contact | Calabrio\",\"isPartOf\":{\"@id\":\"https:\\\/\\\/www.calabrio.com\\\/fr\\\/#website\"},\"primaryImageOfPage\":{\"@id\":\"https:\\\/\\\/www.calabrio.com\\\/blog\\\/lequilibre-entre-vie-professionnelle-et-vie-privee-est-un-probleme-majeur-pour-les-centres-de-contact\\\/#primaryimage\"},\"image\":{\"@id\":\"https:\\\/\\\/www.calabrio.com\\\/blog\\\/lequilibre-entre-vie-professionnelle-et-vie-privee-est-un-probleme-majeur-pour-les-centres-de-contact\\\/#primaryimage\"},\"thumbnailUrl\":\"https:\\\/\\\/www.calabrio.com\\\/wp-content\\\/uploads\\\/2021\\\/12\\\/thought-catalog-nv-vx3kur2a-unsplash.jpg\",\"datePublished\":\"2021-12-01T08:11:05+00:00\",\"dateModified\":\"2026-03-04T11:06:09+00:00\",\"description\":\"G\u00e9rer un bon \u00e9quilibre entre vie professionnelle et vie priv\u00e9e dans les centres de contact peut s'av\u00e9rer difficile. Apprenez \u00e0 concilier les besoins de l'agent et la satisfaction du client.\",\"breadcrumb\":{\"@id\":\"https:\\\/\\\/www.calabrio.com\\\/blog\\\/lequilibre-entre-vie-professionnelle-et-vie-privee-est-un-probleme-majeur-pour-les-centres-de-contact\\\/#breadcrumb\"},\"inLanguage\":\"fr-FR\",\"potentialAction\":[{\"@type\":\"ReadAction\",\"target\":[\"https:\\\/\\\/www.calabrio.com\\\/blog\\\/lequilibre-entre-vie-professionnelle-et-vie-privee-est-un-probleme-majeur-pour-les-centres-de-contact\\\/\"]}]},{\"@type\":\"ImageObject\",\"inLanguage\":\"fr-FR\",\"@id\":\"https:\\\/\\\/www.calabrio.com\\\/blog\\\/lequilibre-entre-vie-professionnelle-et-vie-privee-est-un-probleme-majeur-pour-les-centres-de-contact\\\/#primaryimage\",\"url\":\"https:\\\/\\\/www.calabrio.com\\\/wp-content\\\/uploads\\\/2021\\\/12\\\/thought-catalog-nv-vx3kur2a-unsplash.jpg\",\"contentUrl\":\"https:\\\/\\\/www.calabrio.com\\\/wp-content\\\/uploads\\\/2021\\\/12\\\/thought-catalog-nv-vx3kur2a-unsplash.jpg\",\"width\":1920,\"height\":1280},{\"@type\":\"BreadcrumbList\",\"@id\":\"https:\\\/\\\/www.calabrio.com\\\/blog\\\/lequilibre-entre-vie-professionnelle-et-vie-privee-est-un-probleme-majeur-pour-les-centres-de-contact\\\/#breadcrumb\",\"itemListElement\":[{\"@type\":\"ListItem\",\"position\":1,\"name\":\"Home\",\"item\":\"https:\\\/\\\/www.calabrio.com\\\/fr\\\/\"},{\"@type\":\"ListItem\",\"position\":2,\"name\":\"L&#8217;\u00e9quilibre entre vie professionnelle et vie priv\u00e9e est un probl\u00e8me majeur pour les centres de contact\"}]},{\"@type\":\"WebSite\",\"@id\":\"https:\\\/\\\/www.calabrio.com\\\/fr\\\/#website\",\"url\":\"https:\\\/\\\/www.calabrio.com\\\/fr\\\/\",\"name\":\"Calabrio\",\"description\":\"Workforce Engagement Management Software\",\"publisher\":{\"@id\":\"https:\\\/\\\/www.calabrio.com\\\/fr\\\/#organization\"},\"potentialAction\":[{\"@type\":\"SearchAction\",\"target\":{\"@type\":\"EntryPoint\",\"urlTemplate\":\"https:\\\/\\\/www.calabrio.com\\\/fr\\\/?s={search_term_string}\"},\"query-input\":{\"@type\":\"PropertyValueSpecification\",\"valueRequired\":true,\"valueName\":\"search_term_string\"}}],\"inLanguage\":\"fr-FR\"},{\"@type\":\"Organization\",\"@id\":\"https:\\\/\\\/www.calabrio.com\\\/fr\\\/#organization\",\"name\":\"Calabrio\",\"url\":\"https:\\\/\\\/www.calabrio.com\\\/fr\\\/\",\"logo\":{\"@type\":\"ImageObject\",\"inLanguage\":\"fr-FR\",\"@id\":\"https:\\\/\\\/www.calabrio.com\\\/fr\\\/#\\\/schema\\\/logo\\\/image\\\/\",\"url\":\"https:\\\/\\\/www.calabrio.com\\\/wp-content\\\/uploads\\\/2025\\\/01\\\/Group-1707478765.png\",\"contentUrl\":\"https:\\\/\\\/www.calabrio.com\\\/wp-content\\\/uploads\\\/2025\\\/01\\\/Group-1707478765.png\",\"width\":1360,\"height\":984,\"caption\":\"Calabrio\"},\"image\":{\"@id\":\"https:\\\/\\\/www.calabrio.com\\\/fr\\\/#\\\/schema\\\/logo\\\/image\\\/\"},\"sameAs\":[\"https:\\\/\\\/www.facebook.com\\\/pages\\\/Calabrio\\\/312159772174664\",\"https:\\\/\\\/x.com\\\/calabrio\",\"https:\\\/\\\/www.linkedin.com\\\/company\\\/calabrio\"]},{\"@type\":\"Person\",\"@id\":\"\",\"url\":\"https:\\\/\\\/www.calabrio.com\\\/fr\\\/author\\\/\"}]}<\/script>\n<!-- \/ Yoast SEO Premium plugin. -->","yoast_head_json":{"title":"L'\u00e9quilibre entre vie professionnelle et vie priv\u00e9e est un probl\u00e8me majeur pour les centres de contact | Calabrio","description":"G\u00e9rer un bon \u00e9quilibre entre vie professionnelle et vie priv\u00e9e dans les centres de contact peut s'av\u00e9rer difficile. Apprenez \u00e0 concilier les besoins de l'agent et la satisfaction du client.","robots":{"index":"index","follow":"follow","max-snippet":"max-snippet:-1","max-image-preview":"max-image-preview:large","max-video-preview":"max-video-preview:-1"},"canonical":"https:\/\/www.calabrio.com\/blog\/lequilibre-entre-vie-professionnelle-et-vie-privee-est-un-probleme-majeur-pour-les-centres-de-contact\/","og_locale":"fr_FR","og_type":"article","og_title":"L'\u00e9quilibre entre vie professionnelle et vie priv\u00e9e est un probl\u00e8me majeur pour les centres de contact","og_url":"https:\/\/www.calabrio.com\/blog\/lequilibre-entre-vie-professionnelle-et-vie-privee-est-un-probleme-majeur-pour-les-centres-de-contact\/","og_site_name":"Calabrio","article_publisher":"https:\/\/www.facebook.com\/pages\/Calabrio\/312159772174664","article_published_time":"2021-12-01T08:11:05+00:00","article_modified_time":"2026-03-04T11:06:09+00:00","og_image":[{"width":1920,"height":1280,"url":"https:\/\/www.calabrio.com\/wp-content\/uploads\/2021\/12\/thought-catalog-nv-vx3kur2a-unsplash.jpg","type":"image\/jpeg"}],"twitter_card":"summary_large_image","twitter_creator":"@calabrio","twitter_site":"@calabrio","twitter_misc":{"Written by":"","Est. reading time":"1 minute"},"schema":{"@context":"https:\/\/schema.org","@graph":[{"@type":"Article","@id":"https:\/\/www.calabrio.com\/blog\/lequilibre-entre-vie-professionnelle-et-vie-privee-est-un-probleme-majeur-pour-les-centres-de-contact\/#article","isPartOf":{"@id":"https:\/\/www.calabrio.com\/blog\/lequilibre-entre-vie-professionnelle-et-vie-privee-est-un-probleme-majeur-pour-les-centres-de-contact\/"},"author":{"name":"","@id":""},"headline":"L&rsquo;\u00e9quilibre entre vie professionnelle et vie priv\u00e9e est un probl\u00e8me majeur pour les centres de contact","datePublished":"2021-12-01T08:11:05+00:00","dateModified":"2026-03-04T11:06:09+00:00","mainEntityOfPage":{"@id":"https:\/\/www.calabrio.com\/blog\/lequilibre-entre-vie-professionnelle-et-vie-privee-est-un-probleme-majeur-pour-les-centres-de-contact\/"},"wordCount":19,"publisher":{"@id":"https:\/\/www.calabrio.com\/fr\/#organization"},"image":{"@id":"https:\/\/www.calabrio.com\/blog\/lequilibre-entre-vie-professionnelle-et-vie-privee-est-un-probleme-majeur-pour-les-centres-de-contact\/#primaryimage"},"thumbnailUrl":"https:\/\/www.calabrio.com\/wp-content\/uploads\/2021\/12\/thought-catalog-nv-vx3kur2a-unsplash.jpg","articleSection":["Analytique"],"inLanguage":"fr-FR"},{"@type":"WebPage","@id":"https:\/\/www.calabrio.com\/blog\/lequilibre-entre-vie-professionnelle-et-vie-privee-est-un-probleme-majeur-pour-les-centres-de-contact\/","url":"https:\/\/www.calabrio.com\/blog\/lequilibre-entre-vie-professionnelle-et-vie-privee-est-un-probleme-majeur-pour-les-centres-de-contact\/","name":"L'\u00e9quilibre entre vie professionnelle et vie priv\u00e9e est un probl\u00e8me majeur pour les centres de contact | Calabrio","isPartOf":{"@id":"https:\/\/www.calabrio.com\/fr\/#website"},"primaryImageOfPage":{"@id":"https:\/\/www.calabrio.com\/blog\/lequilibre-entre-vie-professionnelle-et-vie-privee-est-un-probleme-majeur-pour-les-centres-de-contact\/#primaryimage"},"image":{"@id":"https:\/\/www.calabrio.com\/blog\/lequilibre-entre-vie-professionnelle-et-vie-privee-est-un-probleme-majeur-pour-les-centres-de-contact\/#primaryimage"},"thumbnailUrl":"https:\/\/www.calabrio.com\/wp-content\/uploads\/2021\/12\/thought-catalog-nv-vx3kur2a-unsplash.jpg","datePublished":"2021-12-01T08:11:05+00:00","dateModified":"2026-03-04T11:06:09+00:00","description":"G\u00e9rer un bon \u00e9quilibre entre vie professionnelle et vie priv\u00e9e dans les centres de contact peut s'av\u00e9rer difficile. Apprenez \u00e0 concilier les besoins de l'agent et la satisfaction du client.","breadcrumb":{"@id":"https:\/\/www.calabrio.com\/blog\/lequilibre-entre-vie-professionnelle-et-vie-privee-est-un-probleme-majeur-pour-les-centres-de-contact\/#breadcrumb"},"inLanguage":"fr-FR","potentialAction":[{"@type":"ReadAction","target":["https:\/\/www.calabrio.com\/blog\/lequilibre-entre-vie-professionnelle-et-vie-privee-est-un-probleme-majeur-pour-les-centres-de-contact\/"]}]},{"@type":"ImageObject","inLanguage":"fr-FR","@id":"https:\/\/www.calabrio.com\/blog\/lequilibre-entre-vie-professionnelle-et-vie-privee-est-un-probleme-majeur-pour-les-centres-de-contact\/#primaryimage","url":"https:\/\/www.calabrio.com\/wp-content\/uploads\/2021\/12\/thought-catalog-nv-vx3kur2a-unsplash.jpg","contentUrl":"https:\/\/www.calabrio.com\/wp-content\/uploads\/2021\/12\/thought-catalog-nv-vx3kur2a-unsplash.jpg","width":1920,"height":1280},{"@type":"BreadcrumbList","@id":"https:\/\/www.calabrio.com\/blog\/lequilibre-entre-vie-professionnelle-et-vie-privee-est-un-probleme-majeur-pour-les-centres-de-contact\/#breadcrumb","itemListElement":[{"@type":"ListItem","position":1,"name":"Home","item":"https:\/\/www.calabrio.com\/fr\/"},{"@type":"ListItem","position":2,"name":"L&#8217;\u00e9quilibre entre vie professionnelle et vie priv\u00e9e est un probl\u00e8me majeur pour les centres de contact"}]},{"@type":"WebSite","@id":"https:\/\/www.calabrio.com\/fr\/#website","url":"https:\/\/www.calabrio.com\/fr\/","name":"Calabrio","description":"Workforce Engagement Management Software","publisher":{"@id":"https:\/\/www.calabrio.com\/fr\/#organization"},"potentialAction":[{"@type":"SearchAction","target":{"@type":"EntryPoint","urlTemplate":"https:\/\/www.calabrio.com\/fr\/?s={search_term_string}"},"query-input":{"@type":"PropertyValueSpecification","valueRequired":true,"valueName":"search_term_string"}}],"inLanguage":"fr-FR"},{"@type":"Organization","@id":"https:\/\/www.calabrio.com\/fr\/#organization","name":"Calabrio","url":"https:\/\/www.calabrio.com\/fr\/","logo":{"@type":"ImageObject","inLanguage":"fr-FR","@id":"https:\/\/www.calabrio.com\/fr\/#\/schema\/logo\/image\/","url":"https:\/\/www.calabrio.com\/wp-content\/uploads\/2025\/01\/Group-1707478765.png","contentUrl":"https:\/\/www.calabrio.com\/wp-content\/uploads\/2025\/01\/Group-1707478765.png","width":1360,"height":984,"caption":"Calabrio"},"image":{"@id":"https:\/\/www.calabrio.com\/fr\/#\/schema\/logo\/image\/"},"sameAs":["https:\/\/www.facebook.com\/pages\/Calabrio\/312159772174664","https:\/\/x.com\/calabrio","https:\/\/www.linkedin.com\/company\/calabrio"]},{"@type":"Person","@id":"","url":"https:\/\/www.calabrio.com\/fr\/author\/"}]}},"featured_image_src":"https:\/\/www.calabrio.com\/wp-content\/uploads\/2021\/12\/thought-catalog-nv-vx3kur2a-unsplash-600x400.jpg","featured_image_src_square":"https:\/\/www.calabrio.com\/wp-content\/uploads\/2021\/12\/thought-catalog-nv-vx3kur2a-unsplash-600x600.jpg","author_info":{"display_name":"","author_link":"https:\/\/www.calabrio.com\/fr\/author\/"},"_links":{"self":[{"href":"https:\/\/www.calabrio.com\/fr\/wp-json\/wp\/v2\/posts\/36073","targetHints":{"allow":["GET"]}}],"collection":[{"href":"https:\/\/www.calabrio.com\/fr\/wp-json\/wp\/v2\/posts"}],"about":[{"href":"https:\/\/www.calabrio.com\/fr\/wp-json\/wp\/v2\/types\/post"}],"author":[{"embeddable":true,"href":"https:\/\/www.calabrio.com\/fr\/wp-json\/wp\/v2\/users\/234"}],"replies":[{"embeddable":true,"href":"https:\/\/www.calabrio.com\/fr\/wp-json\/wp\/v2\/comments?post=36073"}],"version-history":[{"count":0,"href":"https:\/\/www.calabrio.com\/fr\/wp-json\/wp\/v2\/posts\/36073\/revisions"}],"wp:featuredmedia":[{"embeddable":true,"href":"https:\/\/www.calabrio.com\/fr\/wp-json\/wp\/v2\/media\/4843"}],"wp:attachment":[{"href":"https:\/\/www.calabrio.com\/fr\/wp-json\/wp\/v2\/media?parent=36073"}],"wp:term":[{"taxonomy":"category","embeddable":true,"href":"https:\/\/www.calabrio.com\/fr\/wp-json\/wp\/v2\/categories?post=36073"},{"taxonomy":"post_tag","embeddable":true,"href":"https:\/\/www.calabrio.com\/fr\/wp-json\/wp\/v2\/tags?post=36073"},{"taxonomy":"blog-languages","embeddable":true,"href":"https:\/\/www.calabrio.com\/fr\/wp-json\/wp\/v2\/blog-languages?post=36073"}],"curies":[{"name":"wp","href":"https:\/\/api.w.org\/{rel}","templated":true}]}}