
{"id":40833,"date":"2026-02-18T14:14:40","date_gmt":"2026-02-18T14:14:40","guid":{"rendered":"https:\/\/www.calabrio.com\/press\/verint-annonce-la-denomination-sociale-de-lorganisation-combinee-verint-calabrio\/"},"modified":"2026-03-27T05:19:58","modified_gmt":"2026-03-27T05:19:58","slug":"verint-annonce-la-denomination-sociale-de-lorganisation-combinee-verint-calabrio","status":"publish","type":"press","link":"https:\/\/www.calabrio.com\/fr\/press\/verint-annonce-la-denomination-sociale-de-lorganisation-combinee-verint-calabrio\/","title":{"rendered":"Verint annonce la d\u00e9nomination sociale de l&rsquo;organisation combin\u00e9e Verint-Calabrio"},"content":{"rendered":"\n<section\n\tid=\"\"\n\tclass=\"section-blog-case-study pb-l\/l md:pb-l\/xxl\"\n\tdata-theme-block-id=\"block_1af3b5a750dd2fbc6f6176e37b38ce51\"\n\tdata-aos=\"fade-up\"\n>\n\t<div class=\"relative\">\n\t\t\t\t\t<div class=\"absolute top-0 left-c\/xl pt-0 lg:pt-4 md:mt-c\/m lg:mt-0\">\n\t\t\t\t<div class=\"py-c\/xs md:py-c\/l xl:py-c\/xs\">\n\t\t\t\t\t<ul class=\"flex gap-2 line-clamp-1 body-small\"><\/ul>\t\t\t\t<\/div>\n\t\t\t<\/div>\n\t\t\t\t\t\t<div class=\"flex lg:flex-row justify-between md:pt-l\/xl  flex-col\">\n\t\t\t<div class=\"container mt-c\/l md:-mt-c\/m lg:w-[calc(100%\/240*139)] lg:pb-0 flex flex-col gap-c\/xl md:gap-c\/l lg:px-c\/xxl xl:pr-[170px]  pt-c\/xxl lg:py-c\/xxl\">\n\t\t\t\t\t\t\t\t\t\t\t\t<div class=\"\">\n\t\t\t\t\t<h1 class=\"heading-medium pb-c\/m\">Verint annonce la d\u00e9nomination sociale de l&rsquo;organisation combin\u00e9e Verint-Calabrio<\/h1>\n\t\t\t\t\t\t\t\t\t<\/div>\n\n\t\t\t\t\n\t\t\t\t\n\t\t\t<\/div>\n\t\t\t<div class=\"relative lg:w-[calc(100%\/200*101)] xl:w-[calc(100%\/240*101)]\" data-aos=\"fade-up\" data-aos-delay=\"250\">\n\t\t\t\t\t\t\t\t\t\t\t\t\t\t\t\t<\/div>\n\t\t<\/div>\n\t<\/div>\n<\/section>\n\n\t\t<style>\n\t[data-theme-block-id=\"block_1af3b5a750dd2fbc6f6176e37b38ce51\"] {\n\t\t@media only screen and (max-width: 743px) {\n\t\t\t\t\t\t\t\t}\n\t\t@media only screen and (min-width: 744px) {\n\t\t\t\t\t\t\t\t\t\tpadding-bottom: 0px !important;\n\t\t\t\t\t}\n\t}\n\t<\/style>\n\n<div class=\"container group page-layout flex flex-col flex-wrap lg:flex-row gap-l\/xxl lg:gap-gutter py-l\/xxl lg:py-l\/xs blg_inner_container\" data-module=\"page-layout\">\n\t\t\t\n\t\t\t<div class=\"flex flex-col flex-1 lg:basis-0 lg:py-c\/m  js-page-content overflow-hidden\">\n\t\t\t<div class=\"container wysiwyg\" data-aos=\"fade-up\">\n<div style=\"height:60px\" aria-hidden=\"true\" class=\"wp-block-spacer\"><\/div>\n<\/div><div class=\"container wysiwyg\" data-aos=\"fade-up\">\n<p><strong>MELVILLE, N.Y., 18 f\u00e9vrier 2026<\/strong> &#8211; <a href=\"https:\/\/nam11.safelinks.protection.outlook.com\/?url=http%3A%2F%2Fwww.verint.com%2F&amp;data=05%7C02%7CKatie.Manthei%40calabrio.com%7C623117417d3d45c58fda08de6e8ff540%7C9e7336e5760e4e5b8d68e2647f81391f%7C0%7C0%7C639069761775633309%7CUnknown%7CTWFpbGZsb3d8eyJFbXB0eU1hcGkiOnRydWUsIlYiOiIwLjAuMDAwMCIsIlAiOiJXaW4zMiIsIkFOIjoiTWFpbCIsIldUIjoyfQ%3D%3D%7C0%7C%7C%7C&amp;sdata=h77Nc5f8f%2FZAGRZU6zfRfeEQENypDh781dB3tv%2FU7TM%3D&amp;reserved=0\">Verint\u00ae<\/a>, The CX Automation Company\u2122, a annonc\u00e9 aujourd&rsquo;hui que l&rsquo;organisation form\u00e9e par la r\u00e9cente transaction <sup>Verint-Calabrio\u00ae<\/sup> ira de l&rsquo;avant sous une seule raison sociale : Verint.<\/p>\n<\/div><div class=\"container wysiwyg\" data-aos=\"fade-up\">\n<div style=\"height:20px\" aria-hidden=\"true\" class=\"wp-block-spacer\"><\/div>\n<\/div><div class=\"container wysiwyg\" data-aos=\"fade-up\">\n<p>Cette d\u00e9cision fait suite \u00e0 une p\u00e9riode au cours de laquelle les \u00e9quipes des deux entreprises ont travaill\u00e9 \u00e0 l&rsquo;\u00e9laboration de strat\u00e9gies de produits et d&rsquo;une identit\u00e9 de marque. Cette d\u00e9cision refl\u00e8te l&rsquo;engagement de Verint \u00e0 fournir \u00e0 ses clients des exp\u00e9riences claires, simples et coh\u00e9rentes, alors que l&rsquo;entreprise acc\u00e9l\u00e8re sa vision de l&rsquo;automatisation CX.<\/p>\n<\/div><div class=\"container wysiwyg\" data-aos=\"fade-up\">\n<div style=\"height:20px\" aria-hidden=\"true\" class=\"wp-block-spacer\"><\/div>\n<\/div><div class=\"container wysiwyg\" data-aos=\"fade-up\">\n<p>\u00ab\u00a0Rassembler les choses sous une seule marque souligne ce que nous construisons &#8211; une entreprise, une plateforme et une vision unifi\u00e9e pour transformer l&rsquo;exp\u00e9rience client\u00a0\u00bb, a d\u00e9clar\u00e9 Anna Convery, directrice du marketing chez Verint. \u00ab\u00a0Les 30 ans d&rsquo;exp\u00e9rience de Verint en mati\u00e8re d&rsquo;innovation et d&rsquo;\u00e9chelle, combin\u00e9s aux capacit\u00e9s puissantes et fiables de Calabrio en mati\u00e8re d&rsquo;engagement de la main-d&rsquo;\u0153uvre, nous permettent d&rsquo;offrir une valeur in\u00e9gal\u00e9e \u00e0 nos clients dans le monde entier.<\/p>\n<\/div><div class=\"container wysiwyg\" data-aos=\"fade-up\">\n<div style=\"height:20px\" aria-hidden=\"true\" class=\"wp-block-spacer\"><\/div>\n<\/div><div class=\"container wysiwyg\" data-aos=\"fade-up\">\n<p><strong>La gamme de produits Calabrio restera dans le portefeuille de Verint<\/strong><\/p>\n<\/div><div class=\"container wysiwyg\" data-aos=\"fade-up\">\n<p>Alors que le nom de l&rsquo;entreprise devient Verint, le nom du produit Calabrio est maintenu. Les solutions Calabrio seront prises en charge et am\u00e9lior\u00e9es dans le cadre de la plate-forme d&rsquo;automatisation Verint CX.<\/p>\n<\/div><div class=\"container wysiwyg\" data-aos=\"fade-up\">\n<div style=\"height:20px\" aria-hidden=\"true\" class=\"wp-block-spacer\"><\/div>\n<\/div><div class=\"container wysiwyg\" data-aos=\"fade-up\">\n<p>Les clients b\u00e9n\u00e9ficieront de capacit\u00e9s accrues, car l&rsquo;entreprise \u00e9largie rassemble des robots aliment\u00e9s par l&rsquo;IA, l&rsquo;automatisation des flux de travail et l&rsquo;expertise approfondie des deux entreprises.<\/p>\n<\/div><div class=\"container wysiwyg\" data-aos=\"fade-up\">\n<div style=\"height:20px\" aria-hidden=\"true\" class=\"wp-block-spacer\"><\/div>\n<\/div><div class=\"container wysiwyg\" data-aos=\"fade-up\">\n<p><strong>Perspectives d&rsquo;avenir<\/strong> <\/p>\n<\/div><div class=\"container wysiwyg\" data-aos=\"fade-up\">\n<p>\u00ab\u00a0Nous sommes tr\u00e8s enthousiastes quant \u00e0 l&rsquo;avenir du nouveau Verint\u00a0\u00bb, a ajout\u00e9 Jaime Meritt, directeur des produits chez Verint. \u00ab\u00a0En tirant parti des moteurs d&rsquo;innovation des deux organisations, nous acc\u00e9l\u00e9rons notre feuille de route et fournissons une plateforme qui permet \u00e0 nos clients d&rsquo;obtenir de meilleurs r\u00e9sultats gr\u00e2ce \u00e0 une automatisation et une intelligence accrues. Ce n&rsquo;est que le d\u00e9but de ce que nous allons accomplir ensemble\u00a0\u00bb.  <\/p>\n<\/div><div class=\"container wysiwyg\" data-aos=\"fade-up\">\n<div style=\"height:20px\" aria-hidden=\"true\" class=\"wp-block-spacer\"><\/div>\n<\/div><div class=\"container wysiwyg\" data-aos=\"fade-up\">\n<p><strong>Une plateforme plus forte et plus unifi\u00e9e<\/strong> <\/p>\n<\/div><div class=\"container wysiwyg\" data-aos=\"fade-up\">\n<p>L&rsquo;organisation Verint est d\u00e9sormais mixte :  <\/p>\n<\/div><div class=\"container wysiwyg\" data-aos=\"fade-up\">\n<ul class=\"wp-block-list\"><div class=\"container wysiwyg\" data-aos=\"fade-up\">\n<li>L&rsquo;envergure mondiale de Verint, ses capacit\u00e9s d&rsquo;automatisation des entreprises et son vaste \u00e9cosyst\u00e8me de partenaires.  <\/li>\n<\/div>\n\n<div class=\"container wysiwyg\" data-aos=\"fade-up\">\n<li>L&rsquo;un des plus grands ensembles de donn\u00e9es sur l&rsquo;exp\u00e9rience client au monde pour alimenter les avanc\u00e9es r\u00e9volutionnaires de l&rsquo;IA dans l&rsquo;automatisation CX.  <\/li>\n<\/div>\n\n<div class=\"container wysiwyg\" data-aos=\"fade-up\">\n<li>Les solutions d&rsquo;engagement du personnel de Calabrio sont largement adopt\u00e9es et utilis\u00e9es par des milliers d&rsquo;organisations.  <\/li>\n<\/div><\/ul>\n<\/div><div class=\"container wysiwyg\" data-aos=\"fade-up\">\n<div style=\"height:20px\" aria-hidden=\"true\" class=\"wp-block-spacer\"><\/div>\n<\/div><div class=\"container wysiwyg\" data-aos=\"fade-up\">\n<p>Ensemble, cela signifie que nous sommes mieux positionn\u00e9s pour aider les marques \u00e0 offrir des exp\u00e9riences client sup\u00e9rieures sur tous les canaux, avec plus d&rsquo;intelligence, plus d&rsquo;automatisation et plus d&rsquo;agilit\u00e9.  <\/p>\n<\/div><div class=\"container wysiwyg\" data-aos=\"fade-up\">\n<p><br\/>D\u00e9couvrez comment les <a href=\"https:\/\/www.verint.com\/verint-customer-engagement-platform\/\">solutions Verint aliment\u00e9es par l&rsquo;IA<\/a> permettent d&rsquo;obtenir des r\u00e9sultats plus solides, plus rapides et plus mesurables.  <\/p>\n<\/div><div class=\"container wysiwyg\" data-aos=\"fade-up\">\n<div style=\"height:20px\" aria-hidden=\"true\" class=\"wp-block-spacer\"><\/div>\n<\/div><div class=\"container wysiwyg\" data-aos=\"fade-up\">\n<div style=\"height:20px\" aria-hidden=\"true\" class=\"wp-block-spacer\"><\/div>\n<\/div><div class=\"container wysiwyg\" data-aos=\"fade-up\">\n<p class=\"has-medium-font-size\"><strong>\u00c0 propos de Verint<\/strong><\/p>\n<\/div><div class=\"container wysiwyg\" data-aos=\"fade-up\">\n<div style=\"height:20px\" aria-hidden=\"true\" class=\"wp-block-spacer\"><\/div>\n<\/div><div class=\"container wysiwyg\" data-aos=\"fade-up\">\n<p><sup>Verint\u00ae<\/sup> est un leader de l&rsquo;automatisation de l&rsquo;exp\u00e9rience client (CX), au service d&rsquo;une client\u00e8le qui comprend plus de 80 des 100 entreprises les plus importantes du classement Fortune. Les marques les plus embl\u00e9matiques du monde utilisent la plateforme d&rsquo;automatisation Verint CX et notre \u00e9quipe de bots aliment\u00e9s par l&rsquo;IA pour fournir des r\u00e9sultats commerciaux tangibles en mati\u00e8re d&rsquo;IA, Now\u2122 dans toute l&rsquo;entreprise. Verint est id\u00e9alement positionn\u00e9 pour aider les marques \u00e0 accro\u00eetre l&rsquo;automatisation CX gr\u00e2ce \u00e0 notre plateforme diff\u00e9renci\u00e9e, aliment\u00e9e par l&rsquo;IA, qui permet d&rsquo;am\u00e9liorer l&rsquo;engagement des clients, d&rsquo;accro\u00eetre l&rsquo;efficacit\u00e9 et de r\u00e9duire les co\u00fbts dans les centres de contact, les back-offices et les canaux num\u00e9riques. Verint, The CX Automation Company\u2122, est fi\u00e8re d&rsquo;\u00eatre certifi\u00e9e\u2122 par Great Place To <sup>Work\u00ae<\/sup>. Pour en savoir plus, consultez le site <a href=\"https:\/\/www.verint.com\/\">Verint.com.<\/a> Pour la forme, les deux soci\u00e9t\u00e9s existent toujours \u00e0 l&rsquo;heure actuelle, mais elles travaillent en harmonie pour fournir les services de mani\u00e8re homog\u00e8ne. Pour en savoir plus, consultez le site <a href=\"http:\/\/www.verint.com\">www.verint.com<\/a><\/p>\n<\/div><div class=\"container wysiwyg\" data-aos=\"fade-up\">\n<div style=\"height:20px\" aria-hidden=\"true\" class=\"wp-block-spacer\"><\/div>\n<\/div><div class=\"container wysiwyg\" data-aos=\"fade-up\">\n<p>VERINT, VERINT DA VINCI, VERINT OPEN CCAAS, THE CX AUTOMATION COMPANY, THE CUSTOMER ENGAGEMENT COMPANY, THE ENGAGEMENT CAPACITY GAP et CALABRIO sont des marques d\u00e9pos\u00e9es de Verint Systems Inc, de sa soci\u00e9t\u00e9 m\u00e8re ou de ses filiales. Verint et d&rsquo;autres parties peuvent \u00e9galement d\u00e9tenir des droits de marque sur d&rsquo;autres termes utilis\u00e9s dans le pr\u00e9sent document.<\/p>\n<\/div><div class=\"container wysiwyg\" data-aos=\"fade-up\">\n<div style=\"height:20px\" aria-hidden=\"true\" class=\"wp-block-spacer\"><\/div>\n<\/div><div class=\"container wysiwyg\" data-aos=\"fade-up\">\n<p><strong><u>Contacts :<\/u><\/strong><\/p>\n<\/div><div class=\"container wysiwyg\" data-aos=\"fade-up\">\n<p><strong>Relations avec les m\u00e9dias  <\/strong><strong>   <\/strong><strong><\/strong><\/p>\n<\/div><div class=\"container wysiwyg\" data-aos=\"fade-up\">\n<p>Andi Barnett<br\/><a href=\"mailto:andrea.barnett@verint.com\">andrea.barnett@verint.com<\/a><\/p>\n<\/div>\t\t<\/div>\n\t\n\n\n\t<\/div> ","protected":false},"excerpt":{"rendered":"","protected":false},"author":4,"featured_media":43018,"comment_status":"open","ping_status":"closed","template":"","press_category":[],"class_list":["post-40833","press","type-press","status-publish","has-post-thumbnail","hentry"],"acf":[],"yoast_head":"<!-- This site is optimized with the Yoast SEO Premium plugin v27.4 (Yoast SEO v27.4) - https:\/\/yoast.com\/product\/yoast-seo-premium-wordpress\/ -->\n<title>Verint annonce la d\u00e9nomination sociale de l&#039;organisation combin\u00e9e Verint-Calabrio | Calabrio<\/title>\n<meta name=\"description\" content=\"L&#039;organisation issue de la transaction Verint-Calabrio poursuivra ses activit\u00e9s sous un nom unique : Verint. D\u00e9couvrez la nouvelle vision unifi\u00e9e de Verint.\" \/>\n<meta name=\"robots\" content=\"index, follow, max-snippet:-1, max-image-preview:large, max-video-preview:-1\" \/>\n<link rel=\"canonical\" href=\"https:\/\/www.calabrio.com\/fr\/press\/verint-annonce-la-denomination-sociale-de-lorganisation-combinee-verint-calabrio\/\" \/>\n<meta property=\"og:locale\" content=\"fr_FR\" \/>\n<meta property=\"og:type\" content=\"article\" \/>\n<meta property=\"og:title\" content=\"Verint annonce la d\u00e9nomination sociale de l&#039;organisation combin\u00e9e Verint-Calabrio\" \/>\n<meta property=\"og:description\" content=\"MELVILLE, N.Y., 18 f\u00e9vrier 2026 - Verint\u00ae, The CX Automation Company\u2122, a annonc\u00e9 aujourd&#039;hui que l&#039;organisation form\u00e9e par la r\u00e9cente transaction\" \/>\n<meta property=\"og:url\" content=\"https:\/\/www.calabrio.com\/fr\/press\/verint-annonce-la-denomination-sociale-de-lorganisation-combinee-verint-calabrio\/\" \/>\n<meta property=\"og:site_name\" content=\"Calabrio\" \/>\n<meta property=\"article:publisher\" content=\"https:\/\/www.facebook.com\/pages\/Calabrio\/312159772174664\" \/>\n<meta property=\"article:modified_time\" content=\"2026-03-27T05:19:58+00:00\" \/>\n<meta property=\"og:image\" content=\"https:\/\/www.calabrio.com\/wp-content\/uploads\/2026\/02\/69d6b0c9-cc8b-4432-8bee-26c14a64e92e-2-1.webp\" \/>\n\t<meta property=\"og:image:width\" content=\"800\" \/>\n\t<meta property=\"og:image:height\" content=\"800\" \/>\n\t<meta property=\"og:image:type\" content=\"image\/webp\" \/>\n<meta name=\"twitter:card\" content=\"summary_large_image\" \/>\n<meta name=\"twitter:site\" content=\"@calabrio\" \/>\n<meta name=\"twitter:label1\" content=\"Est. reading time\" \/>\n\t<meta name=\"twitter:data1\" content=\"4 minutes\" \/>\n<script type=\"application\/ld+json\" class=\"yoast-schema-graph\">{\"@context\":\"https:\\\/\\\/schema.org\",\"@graph\":[{\"@type\":\"WebPage\",\"@id\":\"https:\\\/\\\/www.calabrio.com\\\/fr\\\/press\\\/verint-annonce-la-denomination-sociale-de-lorganisation-combinee-verint-calabrio\\\/\",\"url\":\"https:\\\/\\\/www.calabrio.com\\\/fr\\\/press\\\/verint-annonce-la-denomination-sociale-de-lorganisation-combinee-verint-calabrio\\\/\",\"name\":\"Verint annonce la d\u00e9nomination sociale de l'organisation combin\u00e9e Verint-Calabrio | Calabrio\",\"isPartOf\":{\"@id\":\"https:\\\/\\\/www.calabrio.com\\\/fr\\\/#website\"},\"primaryImageOfPage\":{\"@id\":\"https:\\\/\\\/www.calabrio.com\\\/fr\\\/press\\\/verint-annonce-la-denomination-sociale-de-lorganisation-combinee-verint-calabrio\\\/#primaryimage\"},\"image\":{\"@id\":\"https:\\\/\\\/www.calabrio.com\\\/fr\\\/press\\\/verint-annonce-la-denomination-sociale-de-lorganisation-combinee-verint-calabrio\\\/#primaryimage\"},\"thumbnailUrl\":\"https:\\\/\\\/www.calabrio.com\\\/wp-content\\\/uploads\\\/2026\\\/02\\\/69d6b0c9-cc8b-4432-8bee-26c14a64e92e-2-1.webp\",\"datePublished\":\"2026-02-18T14:14:40+00:00\",\"dateModified\":\"2026-03-27T05:19:58+00:00\",\"description\":\"L'organisation issue de la transaction Verint-Calabrio poursuivra ses activit\u00e9s sous un nom unique : Verint. D\u00e9couvrez la nouvelle vision unifi\u00e9e de Verint.\",\"breadcrumb\":{\"@id\":\"https:\\\/\\\/www.calabrio.com\\\/fr\\\/press\\\/verint-annonce-la-denomination-sociale-de-lorganisation-combinee-verint-calabrio\\\/#breadcrumb\"},\"inLanguage\":\"fr-FR\",\"potentialAction\":[{\"@type\":\"ReadAction\",\"target\":[\"https:\\\/\\\/www.calabrio.com\\\/fr\\\/press\\\/verint-annonce-la-denomination-sociale-de-lorganisation-combinee-verint-calabrio\\\/\"]}]},{\"@type\":\"ImageObject\",\"inLanguage\":\"fr-FR\",\"@id\":\"https:\\\/\\\/www.calabrio.com\\\/fr\\\/press\\\/verint-annonce-la-denomination-sociale-de-lorganisation-combinee-verint-calabrio\\\/#primaryimage\",\"url\":\"https:\\\/\\\/www.calabrio.com\\\/wp-content\\\/uploads\\\/2026\\\/02\\\/69d6b0c9-cc8b-4432-8bee-26c14a64e92e-2-1.webp\",\"contentUrl\":\"https:\\\/\\\/www.calabrio.com\\\/wp-content\\\/uploads\\\/2026\\\/02\\\/69d6b0c9-cc8b-4432-8bee-26c14a64e92e-2-1.webp\",\"width\":800,\"height\":800},{\"@type\":\"BreadcrumbList\",\"@id\":\"https:\\\/\\\/www.calabrio.com\\\/fr\\\/press\\\/verint-annonce-la-denomination-sociale-de-lorganisation-combinee-verint-calabrio\\\/#breadcrumb\",\"itemListElement\":[{\"@type\":\"ListItem\",\"position\":1,\"name\":\"Home\",\"item\":\"https:\\\/\\\/www.calabrio.com\\\/fr\\\/\"},{\"@type\":\"ListItem\",\"position\":2,\"name\":\"Press\",\"item\":\"https:\\\/\\\/www.calabrio.com\\\/press\\\/\"},{\"@type\":\"ListItem\",\"position\":3,\"name\":\"Verint annonce la d\u00e9nomination sociale de l&#8217;organisation combin\u00e9e Verint-Calabrio\"}]},{\"@type\":\"WebSite\",\"@id\":\"https:\\\/\\\/www.calabrio.com\\\/fr\\\/#website\",\"url\":\"https:\\\/\\\/www.calabrio.com\\\/fr\\\/\",\"name\":\"Calabrio\",\"description\":\"Workforce Engagement Management Software\",\"publisher\":{\"@id\":\"https:\\\/\\\/www.calabrio.com\\\/fr\\\/#organization\"},\"potentialAction\":[{\"@type\":\"SearchAction\",\"target\":{\"@type\":\"EntryPoint\",\"urlTemplate\":\"https:\\\/\\\/www.calabrio.com\\\/fr\\\/?s={search_term_string}\"},\"query-input\":{\"@type\":\"PropertyValueSpecification\",\"valueRequired\":true,\"valueName\":\"search_term_string\"}}],\"inLanguage\":\"fr-FR\"},{\"@type\":\"Organization\",\"@id\":\"https:\\\/\\\/www.calabrio.com\\\/fr\\\/#organization\",\"name\":\"Calabrio\",\"url\":\"https:\\\/\\\/www.calabrio.com\\\/fr\\\/\",\"logo\":{\"@type\":\"ImageObject\",\"inLanguage\":\"fr-FR\",\"@id\":\"https:\\\/\\\/www.calabrio.com\\\/fr\\\/#\\\/schema\\\/logo\\\/image\\\/\",\"url\":\"https:\\\/\\\/www.calabrio.com\\\/wp-content\\\/uploads\\\/2025\\\/01\\\/Group-1707478765.png\",\"contentUrl\":\"https:\\\/\\\/www.calabrio.com\\\/wp-content\\\/uploads\\\/2025\\\/01\\\/Group-1707478765.png\",\"width\":1360,\"height\":984,\"caption\":\"Calabrio\"},\"image\":{\"@id\":\"https:\\\/\\\/www.calabrio.com\\\/fr\\\/#\\\/schema\\\/logo\\\/image\\\/\"},\"sameAs\":[\"https:\\\/\\\/www.facebook.com\\\/pages\\\/Calabrio\\\/312159772174664\",\"https:\\\/\\\/x.com\\\/calabrio\",\"https:\\\/\\\/www.linkedin.com\\\/company\\\/calabrio\"]}]}<\/script>\n<!-- \/ Yoast SEO Premium plugin. -->","yoast_head_json":{"title":"Verint annonce la d\u00e9nomination sociale de l'organisation combin\u00e9e Verint-Calabrio | Calabrio","description":"L'organisation issue de la transaction Verint-Calabrio poursuivra ses activit\u00e9s sous un nom unique : Verint. D\u00e9couvrez la nouvelle vision unifi\u00e9e de Verint.","robots":{"index":"index","follow":"follow","max-snippet":"max-snippet:-1","max-image-preview":"max-image-preview:large","max-video-preview":"max-video-preview:-1"},"canonical":"https:\/\/www.calabrio.com\/fr\/press\/verint-annonce-la-denomination-sociale-de-lorganisation-combinee-verint-calabrio\/","og_locale":"fr_FR","og_type":"article","og_title":"Verint annonce la d\u00e9nomination sociale de l'organisation combin\u00e9e Verint-Calabrio","og_description":"MELVILLE, N.Y., 18 f\u00e9vrier 2026 - Verint\u00ae, The CX Automation Company\u2122, a annonc\u00e9 aujourd'hui que l'organisation form\u00e9e par la r\u00e9cente transaction","og_url":"https:\/\/www.calabrio.com\/fr\/press\/verint-annonce-la-denomination-sociale-de-lorganisation-combinee-verint-calabrio\/","og_site_name":"Calabrio","article_publisher":"https:\/\/www.facebook.com\/pages\/Calabrio\/312159772174664","article_modified_time":"2026-03-27T05:19:58+00:00","og_image":[{"width":800,"height":800,"url":"https:\/\/www.calabrio.com\/wp-content\/uploads\/2026\/02\/69d6b0c9-cc8b-4432-8bee-26c14a64e92e-2-1.webp","type":"image\/webp"}],"twitter_card":"summary_large_image","twitter_site":"@calabrio","twitter_misc":{"Est. reading time":"4 minutes"},"schema":{"@context":"https:\/\/schema.org","@graph":[{"@type":"WebPage","@id":"https:\/\/www.calabrio.com\/fr\/press\/verint-annonce-la-denomination-sociale-de-lorganisation-combinee-verint-calabrio\/","url":"https:\/\/www.calabrio.com\/fr\/press\/verint-annonce-la-denomination-sociale-de-lorganisation-combinee-verint-calabrio\/","name":"Verint annonce la d\u00e9nomination sociale de l'organisation combin\u00e9e Verint-Calabrio | Calabrio","isPartOf":{"@id":"https:\/\/www.calabrio.com\/fr\/#website"},"primaryImageOfPage":{"@id":"https:\/\/www.calabrio.com\/fr\/press\/verint-annonce-la-denomination-sociale-de-lorganisation-combinee-verint-calabrio\/#primaryimage"},"image":{"@id":"https:\/\/www.calabrio.com\/fr\/press\/verint-annonce-la-denomination-sociale-de-lorganisation-combinee-verint-calabrio\/#primaryimage"},"thumbnailUrl":"https:\/\/www.calabrio.com\/wp-content\/uploads\/2026\/02\/69d6b0c9-cc8b-4432-8bee-26c14a64e92e-2-1.webp","datePublished":"2026-02-18T14:14:40+00:00","dateModified":"2026-03-27T05:19:58+00:00","description":"L'organisation issue de la transaction Verint-Calabrio poursuivra ses activit\u00e9s sous un nom unique : Verint. D\u00e9couvrez la nouvelle vision unifi\u00e9e de Verint.","breadcrumb":{"@id":"https:\/\/www.calabrio.com\/fr\/press\/verint-annonce-la-denomination-sociale-de-lorganisation-combinee-verint-calabrio\/#breadcrumb"},"inLanguage":"fr-FR","potentialAction":[{"@type":"ReadAction","target":["https:\/\/www.calabrio.com\/fr\/press\/verint-annonce-la-denomination-sociale-de-lorganisation-combinee-verint-calabrio\/"]}]},{"@type":"ImageObject","inLanguage":"fr-FR","@id":"https:\/\/www.calabrio.com\/fr\/press\/verint-annonce-la-denomination-sociale-de-lorganisation-combinee-verint-calabrio\/#primaryimage","url":"https:\/\/www.calabrio.com\/wp-content\/uploads\/2026\/02\/69d6b0c9-cc8b-4432-8bee-26c14a64e92e-2-1.webp","contentUrl":"https:\/\/www.calabrio.com\/wp-content\/uploads\/2026\/02\/69d6b0c9-cc8b-4432-8bee-26c14a64e92e-2-1.webp","width":800,"height":800},{"@type":"BreadcrumbList","@id":"https:\/\/www.calabrio.com\/fr\/press\/verint-annonce-la-denomination-sociale-de-lorganisation-combinee-verint-calabrio\/#breadcrumb","itemListElement":[{"@type":"ListItem","position":1,"name":"Home","item":"https:\/\/www.calabrio.com\/fr\/"},{"@type":"ListItem","position":2,"name":"Press","item":"https:\/\/www.calabrio.com\/press\/"},{"@type":"ListItem","position":3,"name":"Verint annonce la d\u00e9nomination sociale de l&#8217;organisation combin\u00e9e Verint-Calabrio"}]},{"@type":"WebSite","@id":"https:\/\/www.calabrio.com\/fr\/#website","url":"https:\/\/www.calabrio.com\/fr\/","name":"Calabrio","description":"Workforce Engagement Management Software","publisher":{"@id":"https:\/\/www.calabrio.com\/fr\/#organization"},"potentialAction":[{"@type":"SearchAction","target":{"@type":"EntryPoint","urlTemplate":"https:\/\/www.calabrio.com\/fr\/?s={search_term_string}"},"query-input":{"@type":"PropertyValueSpecification","valueRequired":true,"valueName":"search_term_string"}}],"inLanguage":"fr-FR"},{"@type":"Organization","@id":"https:\/\/www.calabrio.com\/fr\/#organization","name":"Calabrio","url":"https:\/\/www.calabrio.com\/fr\/","logo":{"@type":"ImageObject","inLanguage":"fr-FR","@id":"https:\/\/www.calabrio.com\/fr\/#\/schema\/logo\/image\/","url":"https:\/\/www.calabrio.com\/wp-content\/uploads\/2025\/01\/Group-1707478765.png","contentUrl":"https:\/\/www.calabrio.com\/wp-content\/uploads\/2025\/01\/Group-1707478765.png","width":1360,"height":984,"caption":"Calabrio"},"image":{"@id":"https:\/\/www.calabrio.com\/fr\/#\/schema\/logo\/image\/"},"sameAs":["https:\/\/www.facebook.com\/pages\/Calabrio\/312159772174664","https:\/\/x.com\/calabrio","https:\/\/www.linkedin.com\/company\/calabrio"]}]}},"_links":{"self":[{"href":"https:\/\/www.calabrio.com\/fr\/wp-json\/wp\/v2\/press\/40833","targetHints":{"allow":["GET"]}}],"collection":[{"href":"https:\/\/www.calabrio.com\/fr\/wp-json\/wp\/v2\/press"}],"about":[{"href":"https:\/\/www.calabrio.com\/fr\/wp-json\/wp\/v2\/types\/press"}],"author":[{"embeddable":true,"href":"https:\/\/www.calabrio.com\/fr\/wp-json\/wp\/v2\/users\/4"}],"replies":[{"embeddable":true,"href":"https:\/\/www.calabrio.com\/fr\/wp-json\/wp\/v2\/comments?post=40833"}],"wp:featuredmedia":[{"embeddable":true,"href":"https:\/\/www.calabrio.com\/fr\/wp-json\/wp\/v2\/media\/43018"}],"wp:attachment":[{"href":"https:\/\/www.calabrio.com\/fr\/wp-json\/wp\/v2\/media?parent=40833"}],"wp:term":[{"taxonomy":"press_category","embeddable":true,"href":"https:\/\/www.calabrio.com\/fr\/wp-json\/wp\/v2\/press_category?post=40833"}],"curies":[{"name":"wp","href":"https:\/\/api.w.org\/{rel}","templated":true}]}}