
{"id":41467,"date":"2026-02-24T17:01:56","date_gmt":"2026-02-24T17:01:56","guid":{"rendered":"https:\/\/www.calabrio.com\/press\/verint-benoemt-dave-rhodes-tot-chief-executive-officer\/"},"modified":"2026-03-26T12:28:10","modified_gmt":"2026-03-26T12:28:10","slug":"verint-benoemt-dave-rhodes-tot-chief-executive-officer","status":"publish","type":"press","link":"https:\/\/www.calabrio.com\/nl\/press\/verint-benoemt-dave-rhodes-tot-chief-executive-officer\/","title":{"rendered":"Verint benoemt Dave Rhodes tot Chief Executive Officer"},"content":{"rendered":"\n<section\n\tid=\"\"\n\tclass=\"section-blog-case-study pb-l\/l md:pb-l\/xxl\"\n\tdata-theme-block-id=\"block_ff26e4c75564075b64439b65bdb5386d\"\n\tdata-aos=\"fade-up\"\n>\n\t<div class=\"relative\">\n\t\t\t\t\t<div class=\"absolute top-0 left-c\/xl pt-0 lg:pt-4 md:mt-c\/m lg:mt-0\">\n\t\t\t\t<div class=\"py-c\/xs md:py-c\/l xl:py-c\/xs\">\n\t\t\t\t\t<ul class=\"flex gap-2 line-clamp-1 body-small\"><\/ul>\t\t\t\t<\/div>\n\t\t\t<\/div>\n\t\t\t\t\t\t<div class=\"flex lg:flex-row justify-between md:pt-l\/xl  flex-col\">\n\t\t\t<div class=\"container mt-c\/l md:-mt-c\/m lg:w-[calc(100%\/240*139)] lg:pb-0 flex flex-col gap-c\/xl md:gap-c\/l lg:px-c\/xxl xl:pr-[170px]  pt-c\/xxl lg:py-c\/xxl\">\n\t\t\t\t\t\t\t\t\t\t\t\t<div class=\"\">\n\t\t\t\t\t<h1 class=\"heading-medium pb-c\/m\">Verint benoemt Dave Rhodes tot Chief Executive Officer<\/h1>\n\t\t\t\t\t\t\t\t\t<\/div>\n\n\t\t\t\t\n\t\t\t\t\n\t\t\t<\/div>\n\t\t\t<div class=\"relative lg:w-[calc(100%\/200*101)] xl:w-[calc(100%\/240*101)]\" data-aos=\"fade-up\" data-aos-delay=\"250\">\n\t\t\t\t\t\t\t\t\t\t\t\t\t\t\t\t<\/div>\n\t\t<\/div>\n\t<\/div>\n<\/section>\n\n\t\t<style>\n\t[data-theme-block-id=\"block_ff26e4c75564075b64439b65bdb5386d\"] {\n\t\t@media only screen and (max-width: 743px) {\n\t\t\t\t\t\t\t\t}\n\t\t@media only screen and (min-width: 744px) {\n\t\t\t\t\t\t\t\t\t\tpadding-bottom: aangepastepx !important;\n\t\t\t\t\t}\n\t}\n\t<\/style>\n\n<div class=\"container group page-layout flex flex-col flex-wrap lg:flex-row gap-l\/xxl lg:gap-gutter py-l\/xxl lg:py-l\/xs blg_inner_container\" data-module=\"page-layout\">\n\t\t\t\n\t\t\t<div class=\"flex flex-col flex-1 lg:basis-0 lg:py-c\/m  js-page-content overflow-hidden\">\n\t\t\t<div class=\"container wysiwyg\" data-aos=\"fade-up\">\n<div style=\"height:60px\" aria-hidden=\"true\" class=\"wp-block-spacer\"><\/div>\n<\/div><div class=\"container wysiwyg\" data-aos=\"fade-up\">\n<p><strong>Industrieveteraan leidt gecombineerde Verint-Calabrio organisatie terwijl het bedrijf zijn CX automatiseringsvisie versnelt<\/strong><\/p>\n<\/div><div class=\"container wysiwyg\" data-aos=\"fade-up\">\n<div style=\"height:60px\" aria-hidden=\"true\" class=\"wp-block-spacer\"><\/div>\n<\/div><div class=\"container wysiwyg\" data-aos=\"fade-up\">\n<p><strong>MELVILLE, N.Y., 24 februari 2026<\/strong> &#8211; <a href=\"http:\/\/www.verint.com\"><sup>Verint\u00ae<\/sup><\/a>, The CX Automation Company\u2122, heeft vandaag aangekondigd dat Dave Rhodes met onmiddellijke ingang is benoemd tot Chief Executive Officer van Verint. Rhodes, die eerder CEO was van Calabrio voorafgaand aan de combinatie met Verint, zal de nieuwe organisatie leiden terwijl het zijn visie nastreeft om de definitieve leider in CX Automation te worden.<\/p>\n<\/div><div class=\"container wysiwyg\" data-aos=\"fade-up\">\n<div style=\"height:20px\" aria-hidden=\"true\" class=\"wp-block-spacer\"><\/div>\n<\/div><div class=\"container wysiwyg\" data-aos=\"fade-up\">\n<p>&#8220;Dave is precies de juiste leider voor dit moment&#8221;, zegt Mike Lipps, voorzitter van Verint. &#8220;Hij brengt een bewezen staat van dienst in het schalen van snelgroeiende softwarebedrijven, een diepgaande kennis van de markt voor CX en betrokkenheid van werknemers, en een heldere visie op wat dit gecombineerde bedrijf kan worden. Het bestuur heeft het volste vertrouwen in Dave&#8217;s vermogen om voort te bouwen op de buitengewone basis van Verint en ons pad naar marktleiderschap te versnellen.&#8221;<\/p>\n<\/div><div class=\"container wysiwyg\" data-aos=\"fade-up\">\n<div style=\"height:20px\" aria-hidden=\"true\" class=\"wp-block-spacer\"><\/div>\n<\/div><div class=\"container wysiwyg\" data-aos=\"fade-up\">\n<p>Rhodes neemt de leiding over van een bedrijf dat nu Verint&#8217;s wereldwijde bedrijfsautomatiseringscapaciteiten en AI-aangedreven platform combineert met Calabrio&#8217;s wijdverbreide workforce engagement oplossingen. De combinatie cre\u00ebert een van de grootste datasets voor klantervaring ter wereld en een portfolio dat workforce engagement, agentic en conversational AI, copilot bots en CX analytics omvat.<\/p>\n<\/div><div class=\"container wysiwyg\" data-aos=\"fade-up\">\n<div style=\"height:20px\" aria-hidden=\"true\" class=\"wp-block-spacer\"><\/div>\n<\/div><div class=\"container wysiwyg\" data-aos=\"fade-up\">\n<p>&#8220;We bevinden ons in een zeldzaam moment&#8221;, zegt Dave Rhodes, chief executive officer bij Verint. &#8220;Merken staan onder enorme druk om AI in te zetten om onmiddellijk tastbare bedrijfswaarde te cre\u00ebren. Bij Verint maken onze klanten al gebruik van dit moment om hogere verkoopcijfers te behalen, churn te verlagen en baanbrekende niveaus van personeelsproductiviteit te ontsluiten. We bevinden ons in een unieke positie om deze industrie te transformeren en CX Automation naar ongekende hoogten te stuwen.&#8221;<\/p>\n<\/div><div class=\"container wysiwyg\" data-aos=\"fade-up\">\n<div style=\"height:20px\" aria-hidden=\"true\" class=\"wp-block-spacer\"><\/div>\n<\/div><div class=\"container wysiwyg\" data-aos=\"fade-up\">\n<p>&#8220;Door deze organisaties samen te brengen onder \u00e9\u00e9n leiderschapsteam en \u00e9\u00e9n merk maken we onze belofte aan onze klanten waar,&#8221; voegde Rhodes eraan toe. &#8220;Bedrijfsresultaten, nu &#8211; dat is wat we leveren en dat is wat ons onderscheidt.&#8221;<\/p>\n<\/div><div class=\"container wysiwyg\" data-aos=\"fade-up\">\n<div style=\"height:20px\" aria-hidden=\"true\" class=\"wp-block-spacer\"><\/div>\n<\/div><div class=\"container wysiwyg\" data-aos=\"fade-up\">\n<p>Ontdek hoe de <a href=\"https:\/\/www.verint.com\/verint-customer-engagement-platform\/\">AI-oplossingen<\/a> van Verint sterkere, snellere en meetbare resultaten opleveren.<\/p>\n<\/div><div class=\"container wysiwyg\" data-aos=\"fade-up\">\n<div style=\"height:20px\" aria-hidden=\"true\" class=\"wp-block-spacer\"><\/div>\n<\/div><div class=\"container wysiwyg\" data-aos=\"fade-up\">\n<p class=\"has-medium-font-size\"><strong>Over Verint<\/strong><\/p>\n<\/div><div class=\"container wysiwyg\" data-aos=\"fade-up\">\n<div style=\"height:20px\" aria-hidden=\"true\" class=\"wp-block-spacer\"><\/div>\n<\/div><div class=\"container wysiwyg\" data-aos=\"fade-up\">\n<p><sup>Verint\u00ae<\/sup> is een leider in Customer Experience (CX) Automation en bedient een klantenbestand dat meer dan 80 van de Fortune 100 bedrijven omvat. De meest iconische merken ter wereld gebruiken het Verint CX Automation Platform en ons team van AI-bots om tastbare AI-bedrijfsresultaten te leveren, Now\u2122 in de hele onderneming. Verint bevindt zich in een unieke positie om merken te helpen hun CX-automatisering te verbeteren met ons gedifferentieerde, AI-gestuurde platform. Dit zorgt voor een grotere klantbetrokkenheid, meer effici\u00ebntie en lagere kosten in contactcentra, backoffices en digitale kanalen. Verint, The CX Automation Company\u2122, is er trots op gecertificeerd te zijn door Great Place To <sup>Work\u00ae<\/sup>. Ga voor meer informatie naar <a href=\"https:\/\/www.verint.com\/\">Verint.com<\/a>. Formeel bestaan de twee bedrijven op dit moment nog steeds, maar ze werken in harmonie samen om de services naadloos op elkaar aan te laten sluiten. Meer informatie op <a href=\"http:\/\/www.verint.com\">www.verint.com<\/a><\/p>\n<\/div><div class=\"container wysiwyg\" data-aos=\"fade-up\">\n<div style=\"height:20px\" aria-hidden=\"true\" class=\"wp-block-spacer\"><\/div>\n<\/div><div class=\"container wysiwyg\" data-aos=\"fade-up\">\n<p>VERINT, VERINT DA VINCI, VERINT OPEN CCAAS, THE CX AUTOMATION COMPANY, THE CUSTOMER ENGAGEMENT COMPANY, THE ENGAGEMENT CAPACITY GAP en CALABRIO zijn handelsmerken van Verint Systems Inc., haar moedermaatschappij of haar dochterondernemingen. Verint en andere partijen kunnen ook handelsmerkrechten hebben op andere termen die hierin worden gebruikt.<\/p>\n<\/div><div class=\"container wysiwyg\" data-aos=\"fade-up\">\n<div style=\"height:20px\" aria-hidden=\"true\" class=\"wp-block-spacer\"><\/div>\n<\/div><div class=\"container wysiwyg\" data-aos=\"fade-up\">\n<p><strong><u>Contactpersonen:<\/u><\/strong><\/p>\n<\/div><div class=\"container wysiwyg\" data-aos=\"fade-up\">\n<p><strong>Mediarelaties  <\/strong><strong>   <\/strong><strong><\/strong><\/p>\n<\/div><div class=\"container wysiwyg\" data-aos=\"fade-up\">\n<p>Andi Barnett<br\/><a href=\"mailto:andrea.barnett@verint.com\">andrea.barnett@verint.com<\/a><\/p>\n<\/div>\t\t<\/div>\n\t\n\n\n\t<\/div> ","protected":false},"excerpt":{"rendered":"","protected":false},"author":4,"featured_media":43005,"comment_status":"open","ping_status":"closed","template":"","press_category":[],"class_list":["post-41467","press","type-press","status-publish","has-post-thumbnail","hentry"],"acf":[],"yoast_head":"<!-- This site is optimized with the Yoast SEO Premium plugin v27.4 (Yoast SEO v27.4) - https:\/\/yoast.com\/product\/yoast-seo-premium-wordpress\/ -->\n<title>Verint benoemt Dave Rhodes tot Chief Executive Officer<\/title>\n<meta name=\"description\" content=\"Industrieveteraan leidt gecombineerde Verint-Calabrio organisatie terwijl het bedrijf zijn CX automatiseringsvisie versnelt\" \/>\n<meta name=\"robots\" content=\"index, follow, max-snippet:-1, max-image-preview:large, max-video-preview:-1\" \/>\n<link rel=\"canonical\" href=\"https:\/\/www.calabrio.com\/nl\/press\/verint-benoemt-dave-rhodes-tot-chief-executive-officer\/\" \/>\n<meta property=\"og:locale\" content=\"nl_NL\" \/>\n<meta property=\"og:type\" content=\"article\" \/>\n<meta property=\"og:title\" content=\"Verint benoemt Dave Rhodes tot Chief Executive Officer\" \/>\n<meta property=\"og:description\" content=\"Industrieveteraan leidt gecombineerde Verint-Calabrio organisatie terwijl het bedrijf zijn CX automatiseringsvisie versnelt MELVILLE, N.Y., 24 februari\" \/>\n<meta property=\"og:url\" content=\"https:\/\/www.calabrio.com\/nl\/press\/verint-benoemt-dave-rhodes-tot-chief-executive-officer\/\" \/>\n<meta property=\"og:site_name\" content=\"Calabrio\" \/>\n<meta property=\"article:publisher\" content=\"https:\/\/www.facebook.com\/pages\/Calabrio\/312159772174664\" \/>\n<meta property=\"article:modified_time\" content=\"2026-03-26T12:28:10+00:00\" \/>\n<meta property=\"og:image\" content=\"https:\/\/www.calabrio.com\/wp-content\/uploads\/2026\/02\/verint-ceo-social-post-graphic-1.webp\" \/>\n\t<meta property=\"og:image:width\" content=\"2400\" \/>\n\t<meta property=\"og:image:height\" content=\"2400\" \/>\n\t<meta property=\"og:image:type\" content=\"image\/webp\" \/>\n<meta name=\"twitter:card\" content=\"summary_large_image\" \/>\n<meta name=\"twitter:site\" content=\"@calabrio\" \/>\n<meta name=\"twitter:label1\" content=\"Est. reading time\" \/>\n\t<meta name=\"twitter:data1\" content=\"3 minuten\" \/>\n<script type=\"application\/ld+json\" class=\"yoast-schema-graph\">{\"@context\":\"https:\\\/\\\/schema.org\",\"@graph\":[{\"@type\":\"WebPage\",\"@id\":\"https:\\\/\\\/www.calabrio.com\\\/nl\\\/press\\\/verint-benoemt-dave-rhodes-tot-chief-executive-officer\\\/\",\"url\":\"https:\\\/\\\/www.calabrio.com\\\/nl\\\/press\\\/verint-benoemt-dave-rhodes-tot-chief-executive-officer\\\/\",\"name\":\"Verint benoemt Dave Rhodes tot Chief Executive Officer\",\"isPartOf\":{\"@id\":\"https:\\\/\\\/www.calabrio.com\\\/fr\\\/#website\"},\"primaryImageOfPage\":{\"@id\":\"https:\\\/\\\/www.calabrio.com\\\/nl\\\/press\\\/verint-benoemt-dave-rhodes-tot-chief-executive-officer\\\/#primaryimage\"},\"image\":{\"@id\":\"https:\\\/\\\/www.calabrio.com\\\/nl\\\/press\\\/verint-benoemt-dave-rhodes-tot-chief-executive-officer\\\/#primaryimage\"},\"thumbnailUrl\":\"https:\\\/\\\/www.calabrio.com\\\/wp-content\\\/uploads\\\/2026\\\/02\\\/verint-ceo-social-post-graphic-1.webp\",\"datePublished\":\"2026-02-24T17:01:56+00:00\",\"dateModified\":\"2026-03-26T12:28:10+00:00\",\"description\":\"Industrieveteraan leidt gecombineerde Verint-Calabrio organisatie terwijl het bedrijf zijn CX automatiseringsvisie versnelt\",\"breadcrumb\":{\"@id\":\"https:\\\/\\\/www.calabrio.com\\\/nl\\\/press\\\/verint-benoemt-dave-rhodes-tot-chief-executive-officer\\\/#breadcrumb\"},\"inLanguage\":\"nl-NL\",\"potentialAction\":[{\"@type\":\"ReadAction\",\"target\":[\"https:\\\/\\\/www.calabrio.com\\\/nl\\\/press\\\/verint-benoemt-dave-rhodes-tot-chief-executive-officer\\\/\"]}]},{\"@type\":\"ImageObject\",\"inLanguage\":\"nl-NL\",\"@id\":\"https:\\\/\\\/www.calabrio.com\\\/nl\\\/press\\\/verint-benoemt-dave-rhodes-tot-chief-executive-officer\\\/#primaryimage\",\"url\":\"https:\\\/\\\/www.calabrio.com\\\/wp-content\\\/uploads\\\/2026\\\/02\\\/verint-ceo-social-post-graphic-1.webp\",\"contentUrl\":\"https:\\\/\\\/www.calabrio.com\\\/wp-content\\\/uploads\\\/2026\\\/02\\\/verint-ceo-social-post-graphic-1.webp\",\"width\":2400,\"height\":2400},{\"@type\":\"BreadcrumbList\",\"@id\":\"https:\\\/\\\/www.calabrio.com\\\/nl\\\/press\\\/verint-benoemt-dave-rhodes-tot-chief-executive-officer\\\/#breadcrumb\",\"itemListElement\":[{\"@type\":\"ListItem\",\"position\":1,\"name\":\"Home\",\"item\":\"https:\\\/\\\/www.calabrio.com\\\/nl\\\/\"},{\"@type\":\"ListItem\",\"position\":2,\"name\":\"Press\",\"item\":\"https:\\\/\\\/www.calabrio.com\\\/press\\\/\"},{\"@type\":\"ListItem\",\"position\":3,\"name\":\"Verint benoemt Dave Rhodes tot Chief Executive Officer\"}]},{\"@type\":\"WebSite\",\"@id\":\"https:\\\/\\\/www.calabrio.com\\\/fr\\\/#website\",\"url\":\"https:\\\/\\\/www.calabrio.com\\\/fr\\\/\",\"name\":\"Calabrio\",\"description\":\"Workforce Engagement Management Software\",\"publisher\":{\"@id\":\"https:\\\/\\\/www.calabrio.com\\\/fr\\\/#organization\"},\"potentialAction\":[{\"@type\":\"SearchAction\",\"target\":{\"@type\":\"EntryPoint\",\"urlTemplate\":\"https:\\\/\\\/www.calabrio.com\\\/fr\\\/?s={search_term_string}\"},\"query-input\":{\"@type\":\"PropertyValueSpecification\",\"valueRequired\":true,\"valueName\":\"search_term_string\"}}],\"inLanguage\":\"nl-NL\"},{\"@type\":\"Organization\",\"@id\":\"https:\\\/\\\/www.calabrio.com\\\/fr\\\/#organization\",\"name\":\"Calabrio\",\"url\":\"https:\\\/\\\/www.calabrio.com\\\/fr\\\/\",\"logo\":{\"@type\":\"ImageObject\",\"inLanguage\":\"nl-NL\",\"@id\":\"https:\\\/\\\/www.calabrio.com\\\/fr\\\/#\\\/schema\\\/logo\\\/image\\\/\",\"url\":\"https:\\\/\\\/www.calabrio.com\\\/wp-content\\\/uploads\\\/2025\\\/01\\\/Group-1707478765.png\",\"contentUrl\":\"https:\\\/\\\/www.calabrio.com\\\/wp-content\\\/uploads\\\/2025\\\/01\\\/Group-1707478765.png\",\"width\":1360,\"height\":984,\"caption\":\"Calabrio\"},\"image\":{\"@id\":\"https:\\\/\\\/www.calabrio.com\\\/fr\\\/#\\\/schema\\\/logo\\\/image\\\/\"},\"sameAs\":[\"https:\\\/\\\/www.facebook.com\\\/pages\\\/Calabrio\\\/312159772174664\",\"https:\\\/\\\/x.com\\\/calabrio\",\"https:\\\/\\\/www.linkedin.com\\\/company\\\/calabrio\"]}]}<\/script>\n<!-- \/ Yoast SEO Premium plugin. -->","yoast_head_json":{"title":"Verint benoemt Dave Rhodes tot Chief Executive Officer","description":"Industrieveteraan leidt gecombineerde Verint-Calabrio organisatie terwijl het bedrijf zijn CX automatiseringsvisie versnelt","robots":{"index":"index","follow":"follow","max-snippet":"max-snippet:-1","max-image-preview":"max-image-preview:large","max-video-preview":"max-video-preview:-1"},"canonical":"https:\/\/www.calabrio.com\/nl\/press\/verint-benoemt-dave-rhodes-tot-chief-executive-officer\/","og_locale":"nl_NL","og_type":"article","og_title":"Verint benoemt Dave Rhodes tot Chief Executive Officer","og_description":"Industrieveteraan leidt gecombineerde Verint-Calabrio organisatie terwijl het bedrijf zijn CX automatiseringsvisie versnelt MELVILLE, N.Y., 24 februari","og_url":"https:\/\/www.calabrio.com\/nl\/press\/verint-benoemt-dave-rhodes-tot-chief-executive-officer\/","og_site_name":"Calabrio","article_publisher":"https:\/\/www.facebook.com\/pages\/Calabrio\/312159772174664","article_modified_time":"2026-03-26T12:28:10+00:00","og_image":[{"width":2400,"height":2400,"url":"https:\/\/www.calabrio.com\/wp-content\/uploads\/2026\/02\/verint-ceo-social-post-graphic-1.webp","type":"image\/webp"}],"twitter_card":"summary_large_image","twitter_site":"@calabrio","twitter_misc":{"Est. reading time":"3 minuten"},"schema":{"@context":"https:\/\/schema.org","@graph":[{"@type":"WebPage","@id":"https:\/\/www.calabrio.com\/nl\/press\/verint-benoemt-dave-rhodes-tot-chief-executive-officer\/","url":"https:\/\/www.calabrio.com\/nl\/press\/verint-benoemt-dave-rhodes-tot-chief-executive-officer\/","name":"Verint benoemt Dave Rhodes tot Chief Executive Officer","isPartOf":{"@id":"https:\/\/www.calabrio.com\/fr\/#website"},"primaryImageOfPage":{"@id":"https:\/\/www.calabrio.com\/nl\/press\/verint-benoemt-dave-rhodes-tot-chief-executive-officer\/#primaryimage"},"image":{"@id":"https:\/\/www.calabrio.com\/nl\/press\/verint-benoemt-dave-rhodes-tot-chief-executive-officer\/#primaryimage"},"thumbnailUrl":"https:\/\/www.calabrio.com\/wp-content\/uploads\/2026\/02\/verint-ceo-social-post-graphic-1.webp","datePublished":"2026-02-24T17:01:56+00:00","dateModified":"2026-03-26T12:28:10+00:00","description":"Industrieveteraan leidt gecombineerde Verint-Calabrio organisatie terwijl het bedrijf zijn CX automatiseringsvisie versnelt","breadcrumb":{"@id":"https:\/\/www.calabrio.com\/nl\/press\/verint-benoemt-dave-rhodes-tot-chief-executive-officer\/#breadcrumb"},"inLanguage":"nl-NL","potentialAction":[{"@type":"ReadAction","target":["https:\/\/www.calabrio.com\/nl\/press\/verint-benoemt-dave-rhodes-tot-chief-executive-officer\/"]}]},{"@type":"ImageObject","inLanguage":"nl-NL","@id":"https:\/\/www.calabrio.com\/nl\/press\/verint-benoemt-dave-rhodes-tot-chief-executive-officer\/#primaryimage","url":"https:\/\/www.calabrio.com\/wp-content\/uploads\/2026\/02\/verint-ceo-social-post-graphic-1.webp","contentUrl":"https:\/\/www.calabrio.com\/wp-content\/uploads\/2026\/02\/verint-ceo-social-post-graphic-1.webp","width":2400,"height":2400},{"@type":"BreadcrumbList","@id":"https:\/\/www.calabrio.com\/nl\/press\/verint-benoemt-dave-rhodes-tot-chief-executive-officer\/#breadcrumb","itemListElement":[{"@type":"ListItem","position":1,"name":"Home","item":"https:\/\/www.calabrio.com\/nl\/"},{"@type":"ListItem","position":2,"name":"Press","item":"https:\/\/www.calabrio.com\/press\/"},{"@type":"ListItem","position":3,"name":"Verint benoemt Dave Rhodes tot Chief Executive Officer"}]},{"@type":"WebSite","@id":"https:\/\/www.calabrio.com\/fr\/#website","url":"https:\/\/www.calabrio.com\/fr\/","name":"Calabrio","description":"Workforce Engagement Management Software","publisher":{"@id":"https:\/\/www.calabrio.com\/fr\/#organization"},"potentialAction":[{"@type":"SearchAction","target":{"@type":"EntryPoint","urlTemplate":"https:\/\/www.calabrio.com\/fr\/?s={search_term_string}"},"query-input":{"@type":"PropertyValueSpecification","valueRequired":true,"valueName":"search_term_string"}}],"inLanguage":"nl-NL"},{"@type":"Organization","@id":"https:\/\/www.calabrio.com\/fr\/#organization","name":"Calabrio","url":"https:\/\/www.calabrio.com\/fr\/","logo":{"@type":"ImageObject","inLanguage":"nl-NL","@id":"https:\/\/www.calabrio.com\/fr\/#\/schema\/logo\/image\/","url":"https:\/\/www.calabrio.com\/wp-content\/uploads\/2025\/01\/Group-1707478765.png","contentUrl":"https:\/\/www.calabrio.com\/wp-content\/uploads\/2025\/01\/Group-1707478765.png","width":1360,"height":984,"caption":"Calabrio"},"image":{"@id":"https:\/\/www.calabrio.com\/fr\/#\/schema\/logo\/image\/"},"sameAs":["https:\/\/www.facebook.com\/pages\/Calabrio\/312159772174664","https:\/\/x.com\/calabrio","https:\/\/www.linkedin.com\/company\/calabrio"]}]}},"_links":{"self":[{"href":"https:\/\/www.calabrio.com\/nl\/wp-json\/wp\/v2\/press\/41467","targetHints":{"allow":["GET"]}}],"collection":[{"href":"https:\/\/www.calabrio.com\/nl\/wp-json\/wp\/v2\/press"}],"about":[{"href":"https:\/\/www.calabrio.com\/nl\/wp-json\/wp\/v2\/types\/press"}],"author":[{"embeddable":true,"href":"https:\/\/www.calabrio.com\/nl\/wp-json\/wp\/v2\/users\/4"}],"replies":[{"embeddable":true,"href":"https:\/\/www.calabrio.com\/nl\/wp-json\/wp\/v2\/comments?post=41467"}],"wp:featuredmedia":[{"embeddable":true,"href":"https:\/\/www.calabrio.com\/nl\/wp-json\/wp\/v2\/media\/43005"}],"wp:attachment":[{"href":"https:\/\/www.calabrio.com\/nl\/wp-json\/wp\/v2\/media?parent=41467"}],"wp:term":[{"taxonomy":"press_category","embeddable":true,"href":"https:\/\/www.calabrio.com\/nl\/wp-json\/wp\/v2\/press_category?post=41467"}],"curies":[{"name":"wp","href":"https:\/\/api.w.org\/{rel}","templated":true}]}}